{"id":1508,"date":"2012-11-21T14:47:21","date_gmt":"2012-11-21T14:47:21","guid":{"rendered":"http:\/\/www.cge-ra.org\/V16\/?p=1508"},"modified":"2018-01-09T20:39:34","modified_gmt":"2018-01-09T20:39:34","slug":"aceptamos-positivamente-el-pedido-de-cgera-sobre-las-djai","status":"publish","type":"post","link":"https:\/\/www.cge-ra.org\/V16\/aceptamos-positivamente-el-pedido-de-cgera-sobre-las-djai\/","title":{"rendered":"\u201cAceptamos positivamente el pedido de CGERA sobre las DJAI\u201d"},"content":{"rendered":"<div id='gallery-1' class='gallery galleryid-1508 gallery-columns-1 gallery-size-medium'><figure class='gallery-item'>\n\t\t\t<div class='gallery-icon landscape'>\n\t\t\t\t<a href='https:\/\/www.cge-ra.org\/V16\/wp-content\/uploads\/2015\/10\/Consejo-Consultivo-DJAI.jpg'><img width=\"300\" height=\"200\" src=\"https:\/\/www.cge-ra.org\/V16\/wp-content\/uploads\/2015\/10\/Consejo-Consultivo-DJAI-300x200.jpg\" class=\"attachment-medium size-medium\" alt=\"\" decoding=\"async\" loading=\"lazy\" aria-describedby=\"gallery-1-1509\" srcset=\"https:\/\/www.cge-ra.org\/V16\/wp-content\/uploads\/2015\/10\/Consejo-Consultivo-DJAI-300x200.jpg 300w, https:\/\/www.cge-ra.org\/V16\/wp-content\/uploads\/2015\/10\/Consejo-Consultivo-DJAI.jpg 600w\" sizes=\"(max-width: 300px) 100vw, 300px\" \/><\/a>\n\t\t\t<\/div>\n\t\t\t\t<figcaption class='wp-caption-text gallery-caption' id='gallery-1-1509'>\n\t\t\t\tEl titular de la AFIP iniciando el Consejo Consultivo N\u00b01, con una gran convocatoria de empresarios.\n\t\t\t\t<\/figcaption><\/figure>\n\t\t<\/div>\n\n<p>El pasado 19 de noviembre, celebr\u00f3 la reuni\u00f3n de Consejos Consultivos que tuvo lugar en la sede central de la Administraci\u00f3n Federal de Ingresos P\u00fablicos (AFIP), la cual fue presidida por su titular, Ricardo Echegaray, quien anuncio la creaci\u00f3n de una nueva modalidad para ver digitalmente las Declaraciones Juradas Anticipadas de Importaci\u00f3n (DJAI), pedido realizado por la CGERA en la \u00faltima reuni\u00f3n del Foro Aduanero al Usuario PyME.<\/p>\n<p>Este proyecto prev\u00e9 que aquellas c\u00e1maras, que ya est\u00e9n actuando como veedoras, y que adhieran al r\u00e9gimen de Ventanilla \u00danica Electr\u00f3nica del Comercio Exterior, podr\u00e1n acceder a cierta informaci\u00f3n consignada en las DJAI y de esta manera tener un mayor control y una mejor verificaci\u00f3n de las mercader\u00edas propias que ingresan al pa\u00eds.<\/p>\n<p>Entre los representantes de CGERA que asistieron a la reuni\u00f3n estaban Pedro Bergaglio (Sweater), Alberto Sellaro (Calzado), Daniel Donikian (Marroquiner\u00eda), Norberto Fermani (\u00d3pticos), Marcelo Girard (Tintas Gr\u00e1ficas), Eduardo Wydler (Curtidores), Ra\u00fal Mart\u00ednez (Seguridad), Gerardo Chokler (Guantes y accesorios), Hugo \u00c1lvarez (Proveedores de calzado), entre otros; y el presidente de la instituci\u00f3n, Marcelo Fern\u00e1ndez, quien opin\u00f3 que \u201cla colaboraci\u00f3n entre el sector p\u00fablico y privado es muy importante para la generaci\u00f3n de este tipo de mecanismos que forjan un comercio exterior m\u00e1s transparente y din\u00e1mico\u201d.<\/p>\n<p>Respecto al sistema digital por el cu\u00e1l se realizar\u00e1n estos tr\u00e1mites, estar\u00e1 en vigencia en los pr\u00f3ximos 15 d\u00edas, sin embargo, se tardar\u00e1 un poco m\u00e1s de tiempo hasta que todas las c\u00e1maras participantes puedan acceder al dispositivo de firma digital.<\/p>\n","protected":false},"excerpt":{"rendered":"<p>Asi se manifest\u00f3 el titular de la AFIP, Ricardo Echegaray, en la reuni\u00f3n de Consejos Consultivos donde participaron importantes c\u00e1maras de PyMES.<\/p>\n","protected":false},"author":1,"featured_media":1509,"comment_status":"closed","ping_status":"closed","sticky":false,"template":"","format":"standard","meta":[],"categories":[1],"tags":[],"_links":{"self":[{"href":"https:\/\/www.cge-ra.org\/V16\/wp-json\/wp\/v2\/posts\/1508"}],"collection":[{"href":"https:\/\/www.cge-ra.org\/V16\/wp-json\/wp\/v2\/posts"}],"about":[{"href":"https:\/\/www.cge-ra.org\/V16\/wp-json\/wp\/v2\/types\/post"}],"author":[{"embeddable":true,"href":"https:\/\/www.cge-ra.org\/V16\/wp-json\/wp\/v2\/users\/1"}],"replies":[{"embeddable":true,"href":"https:\/\/www.cge-ra.org\/V16\/wp-json\/wp\/v2\/comments?post=1508"}],"version-history":[{"count":1,"href":"https:\/\/www.cge-ra.org\/V16\/wp-json\/wp\/v2\/posts\/1508\/revisions"}],"predecessor-version":[{"id":1510,"href":"https:\/\/www.cge-ra.org\/V16\/wp-json\/wp\/v2\/posts\/1508\/revisions\/1510"}],"wp:featuredmedia":[{"embeddable":true,"href":"https:\/\/www.cge-ra.org\/V16\/wp-json\/wp\/v2\/media\/1509"}],"wp:attachment":[{"href":"https:\/\/www.cge-ra.org\/V16\/wp-json\/wp\/v2\/media?parent=1508"}],"wp:term":[{"taxonomy":"category","embeddable":true,"href":"https:\/\/www.cge-ra.org\/V16\/wp-json\/wp\/v2\/categories?post=1508"},{"taxonomy":"post_tag","embeddable":true,"href":"https:\/\/www.cge-ra.org\/V16\/wp-json\/wp\/v2\/tags?post=1508"}],"curies":[{"name":"wp","href":"https:\/\/api.w.org\/{rel}","templated":true}]}}