{"id":1532,"date":"2015-11-03T18:18:15","date_gmt":"2015-11-03T18:18:15","guid":{"rendered":"http:\/\/www.cge-ra.org\/V16\/?p=1532"},"modified":"2015-11-03T18:19:15","modified_gmt":"2015-11-03T18:19:15","slug":"la-cgera-convoco-a-los-candidatos-a-exponer-publicamente-sus-propuestas-para-las-pymes","status":"publish","type":"post","link":"https:\/\/www.cge-ra.org\/V16\/la-cgera-convoco-a-los-candidatos-a-exponer-publicamente-sus-propuestas-para-las-pymes\/","title":{"rendered":"La CGERA convoc\u00f3 a los candidatos a exponer p\u00fablicamente sus propuestas para las pymes"},"content":{"rendered":"<p>Los sectores nucleados en la Confederaci\u00f3n General Empresaria (CGERA) convocaron a los candidatos a presidente a exponer p\u00fablicamente con claridad cu\u00e1les ser\u00e1n las pol\u00edticas que afectar\u00e1n la actividad de las pymes y el trabajo generado por el sector de cara al balotaje del 22 de noviembre.<\/p>\n<p>En una nota enviada a los equipos de campa\u00f1a de Scioli y Macri, manifestaron: \u201clos empresarios y los trabajadores de nuestras pymes necesitamos saber, ya sin slogans, fotos o globos, cu\u00e1l ser\u00e1 el lugar de las peque\u00f1as y medianas empresas en el futuro Gobierno, necesitamos conocer los proyectos que planean implementar las dos opciones en pugna, ya que est\u00e1n en juego 900 mil pymes y el 75% de los puestos de trabajo de la Argentina\u201d.<\/p>\n<p>\u201cComo gente de producci\u00f3n, sabemos que el cambio es una obligaci\u00f3n permanente\u00a0y necesaria para mejorar nuestros procesos. Siempre se puede mejorar, pero para elegir hacia d\u00f3nde vamos a cambiar necesitamos saber c\u00f3mo piensan hacerlo, en forma simple, directa y clara para luego cada uno, individualmente, decida\u201d.<\/p>\n<p>\u201c\u00bfSe administrara el comercio en vistas al desarrollo industrial del pa\u00eds resguardando de los productos hechos en otros pa\u00edses y favorecer las inversiones productiva o, por el contrario, deberemos desechar lo invertido y dejar a millones de ciudadanos sin trabajo al abrir a las importaciones que nos da\u00f1an? \u00bfHabr\u00e1 apertura o el desarrollo?\u201d.<\/p>\n<p>\u201c\u00bfHabr\u00e1 pol\u00edticas que aseguren que las pymes tengamos acceso a nuestras materias primas para agregar valor y as\u00ed crear m\u00e1s empleo sin ser v\u00edctimas de abusos de sectores concentrados?\u201d.<\/p>\n<p>\u201cNecesitamos saber si prev\u00e9n tratar a todas las empresas por igual sin importar tama\u00f1o y nacionalidad, o tienen pensada una segmentaci\u00f3n de las empresas en todos los rubros y piensan priorizar el desarrollo de empresas argentinas y diferenciar a las pymes qu\u00e9 m\u00e1s empleo y valor generan\u201d.<\/p>\n<p>\u201c\u00bfLas inversiones que piensan atraer ser\u00e1n para explotar nuestras materias primas y luego girar los d\u00f3lares ganados aqu\u00ed al exterior o para armadur\u00edas con poca integraci\u00f3n nacional,\u00a0\u00a0o si por el contrario van a tomar medidas para que est\u00e9n enfocadas en agregar valor a nuestras materias primas y con la mayor participaci\u00f3n posible de partes nacionales para una genuina generaci\u00f3n de ingreso de d\u00f3lares y, a la vez,\u00a0\u00a0generaci\u00f3n de puestos de trabajo?\u201d.<\/p>\n<p>\u201cQueremos que aclaren si por econom\u00edas regionales entienden la producci\u00f3n primaria de la regi\u00f3n o si tambi\u00e9n contemplan el comercio del lugar y el desarrollo industrial utilizando las ventajas competitivas\u201d.<\/p>\n<p>\u201cComo entendemos que la industria nacional debe ser competitiva, no s\u00f3lo para el mercado interno, sino para recuperar la senda exportadora, queremos conocer cu\u00e1les son los programas que definan los factores de competitividad y la medidas para lograrlos\u201d.<\/p>\n<p>\u201cEstas cuestiones, a las cuales se suman el acceso al cr\u00e9dito, la inflaci\u00f3n, promoci\u00f3n industrial, la reforma impositiva, entre otras, son las que necesitamos tener en claro para poder hacer una elecci\u00f3n inteligente y a conciencia, libre de interferencias publicitarias. Mucho est\u00e1 en juego\u201d.<\/p>\n<p>Forman parte de la CGERA c\u00e1maras empresarias de sectores como la Industria del Cuero, Exportadores, Industriales de la Carne, Marroquiner\u00eda, Industrias Electr\u00f3nicas, Radiodifusores, Industria Ferroviaria, Autopartistas, Bebidas, Industrias \u00d3pticas, Engordadores de Hacienda, Fabricantes de Tintas, Gas Natural Comprimido, Indumentaria, Industria del Juguete, Industria del Calzado, Productores Art\u00edsticos y Culturales, Servicios Internacionales Aeroexpresos, Metal\u00fargicos, Muebles y Maderas, Softwere, Seguridad, Autoservicios y Supermercados, Construcci\u00f3n, Procesadoras Av\u00edcolas, Laboratorios, Farmacias, Textiles, Combustibles y\u00a0Biocombustibles, entre muchos otros.<\/p>\n","protected":false},"excerpt":{"rendered":"<p>Los sectores nucleados en la Confederaci\u00f3n General Empresaria (CGERA) convocaron a los candidatos a presidente a exponer p\u00fablicamente con claridad cu\u00e1les ser\u00e1n las pol\u00edticas que afectar\u00e1n la actividad de las pymes y el trabajo generado por el sector de cara al balotaje del 22 de noviembre. En una nota enviada a los equipos de campa\u00f1a &#8230;<\/p>\n","protected":false},"author":2,"featured_media":0,"comment_status":"closed","ping_status":"closed","sticky":false,"template":"","format":"standard","meta":[],"categories":[45],"tags":[51,53,50,52],"_links":{"self":[{"href":"https:\/\/www.cge-ra.org\/V16\/wp-json\/wp\/v2\/posts\/1532"}],"collection":[{"href":"https:\/\/www.cge-ra.org\/V16\/wp-json\/wp\/v2\/posts"}],"about":[{"href":"https:\/\/www.cge-ra.org\/V16\/wp-json\/wp\/v2\/types\/post"}],"author":[{"embeddable":true,"href":"https:\/\/www.cge-ra.org\/V16\/wp-json\/wp\/v2\/users\/2"}],"replies":[{"embeddable":true,"href":"https:\/\/www.cge-ra.org\/V16\/wp-json\/wp\/v2\/comments?post=1532"}],"version-history":[{"count":2,"href":"https:\/\/www.cge-ra.org\/V16\/wp-json\/wp\/v2\/posts\/1532\/revisions"}],"predecessor-version":[{"id":1534,"href":"https:\/\/www.cge-ra.org\/V16\/wp-json\/wp\/v2\/posts\/1532\/revisions\/1534"}],"wp:attachment":[{"href":"https:\/\/www.cge-ra.org\/V16\/wp-json\/wp\/v2\/media?parent=1532"}],"wp:term":[{"taxonomy":"category","embeddable":true,"href":"https:\/\/www.cge-ra.org\/V16\/wp-json\/wp\/v2\/categories?post=1532"},{"taxonomy":"post_tag","embeddable":true,"href":"https:\/\/www.cge-ra.org\/V16\/wp-json\/wp\/v2\/tags?post=1532"}],"curies":[{"name":"wp","href":"https:\/\/api.w.org\/{rel}","templated":true}]}}