{"id":1535,"date":"2015-06-09T18:33:22","date_gmt":"2015-06-09T18:33:22","guid":{"rendered":"http:\/\/www.cge-ra.org\/V16\/?p=1535"},"modified":"2015-11-03T20:18:59","modified_gmt":"2015-11-03T20:18:59","slug":"tomada-estamos-aca-sosteniendo-el-trabajo-porque-queremos-una-argentina-llena-de-trabajadores","status":"publish","type":"post","link":"https:\/\/www.cge-ra.org\/V16\/tomada-estamos-aca-sosteniendo-el-trabajo-porque-queremos-una-argentina-llena-de-trabajadores\/","title":{"rendered":"Tomada: \u201cEstamos ac\u00e1 sosteniendo el trabajo porque queremos una Argentina llena de trabajadores\u201d"},"content":{"rendered":"<div id='gallery-1' class='gallery galleryid-1535 gallery-columns-1 gallery-size-medium'><figure class='gallery-item'>\n\t\t\t<div class='gallery-icon landscape'>\n\t\t\t\t<a href='https:\/\/www.cge-ra.org\/V16\/wp-content\/uploads\/2015\/06\/11.jpg'><img width=\"300\" height=\"200\" src=\"https:\/\/www.cge-ra.org\/V16\/wp-content\/uploads\/2015\/06\/11-300x200.jpg\" class=\"attachment-medium size-medium\" alt=\"\" decoding=\"async\" loading=\"lazy\" aria-describedby=\"gallery-1-1540\" srcset=\"https:\/\/www.cge-ra.org\/V16\/wp-content\/uploads\/2015\/06\/11-300x200.jpg 300w, https:\/\/www.cge-ra.org\/V16\/wp-content\/uploads\/2015\/06\/11.jpg 600w\" sizes=\"(max-width: 300px) 100vw, 300px\" \/><\/a>\n\t\t\t<\/div>\n\t\t\t\t<figcaption class='wp-caption-text gallery-caption' id='gallery-1-1540'>\n\t\t\t\tEntrega de certificados\n\t\t\t\t<\/figcaption><\/figure><figure class='gallery-item'>\n\t\t\t<div class='gallery-icon landscape'>\n\t\t\t\t<a href='https:\/\/www.cge-ra.org\/V16\/wp-content\/uploads\/2015\/06\/5-bis.jpg'><img width=\"300\" height=\"200\" src=\"https:\/\/www.cge-ra.org\/V16\/wp-content\/uploads\/2015\/06\/5-bis-300x200.jpg\" class=\"attachment-medium size-medium\" alt=\"\" decoding=\"async\" loading=\"lazy\" aria-describedby=\"gallery-1-1538\" srcset=\"https:\/\/www.cge-ra.org\/V16\/wp-content\/uploads\/2015\/06\/5-bis-300x200.jpg 300w, https:\/\/www.cge-ra.org\/V16\/wp-content\/uploads\/2015\/06\/5-bis.jpg 600w\" sizes=\"(max-width: 300px) 100vw, 300px\" \/><\/a>\n\t\t\t<\/div>\n\t\t\t\t<figcaption class='wp-caption-text gallery-caption' id='gallery-1-1538'>\n\t\t\t\tAlumnos egresados de confecci\u00f3n textil\n\t\t\t\t<\/figcaption><\/figure>\n\t\t<\/div>\n\n<p>La Confederaci\u00f3n General Empresaria (CGERA) junto al Ministro de Trabajo, Carlos Tomada, inauguraron el Centro de Formaci\u00f3n Continua sobre la cadena de valor textil en el Barrio Illia de la Localidad Flores y adem\u00e1s, se llev\u00f3 a cabo un acto de entrega de certificados.<\/p>\n<p>Formaron parte del acto el Ministro de Trabajo de la Naci\u00f3n, Carlos Tomada; el Secretario de Empleo de la Naci\u00f3n, Mat\u00edas Barroetave\u00f1a; el Presidente de la CGERA, Marcelo Fern\u00e1ndez; el Director de la Red de Centros de Formaci\u00f3n Continua CGERA, Guillermo Siro; la Legisladora y candidata porte\u00f1a por el FPV, Paula Penacca; entre otros legisladores, comuneros, y candidatos del FPV.<\/p>\n<p>Este Centro de Formaci\u00f3n inici\u00f3 sus actividades en octubre 2014, donde ya se dictaron 2 cursos de confecci\u00f3n textil y se van a dictar 3 cursos m\u00e1s en lo que resta del a\u00f1o 2015. Se alcanzar\u00e1n m\u00e1s de 40 trabajadores y trabajadores formados en el oficio textil.<\/p>\n<p>El Ministro de Trabajo, sostuvo que \u201cen la Argentina, hoy fracasan aquellos que hablan de los trabajadores, pero no hacen nada por los trabajadores. Nosotros hoy estamos ac\u00e1 sosteniendo el trabajo porque queremos una Argentina llena de trabajadores, nosotros ayudamos al trabajo, ayudamos a que ustedes puedan conseguir un trabajo digno, somos nada m\u00e1s que el puente, ustedes hacen el esfuerzo\u201d.<\/p>\n<p>\u201cNosotros vamos a seguir haciendo estos centros de formaci\u00f3n, con los empresarios, con las organizaci\u00f3n sindicales, porque los sindicatos son un verdadero aporte, no son solamente estos que hoy est\u00e1n equivocados, y quieren poner palos en la rueda. No, hay otros que trabajan con nosotros para que ustedes puedan acceder a una formaci\u00f3n, capacitaci\u00f3n, y ah\u00ed nos van a encontrar siempre a nosotros\u201d, finaliz\u00f3 Carlos Tomada ante los alumnos egresados del centro de flores.<\/p>\n<p>En la misma linea, Marcelo Fern\u00e1ndez hizo referencia al paro llevado a cabo por el sindicalismo opositor y manifest\u00f3 que en Argentina se muestran dos modelos \u201caquellos argentinos, equivocados, que hoy est\u00e1n prohibiendo ir a trabajar y que no dejan que la gente pueda acceder a su trabajo, y nosotros, que vinimos ac\u00e1, a trabajar por la posibilidad de capacitarse y de tener trabajo\u201d. \u201cEst\u00e1 en nosotros seguir forjando no solo un centro como este, sino millones de centros m\u00e1s a lo largo y a lo ancho del pa\u00eds\u201d, concluy\u00f3 el presidente de CGERA, agradecido con el Ministro por posibilitar este establecimiento.<\/p>\n<p>La intenci\u00f3n es que los egresados puedan continuar su formaci\u00f3n y perfeccionarse en los otros centros de la CGERA y que puedan acceder a las pol\u00edticas activas del ministerio de trabajo: PROEMPLEAR -para aquellos interesados en ocuparse en relaci\u00f3n de dependencia- y PEI -para aquella\/os que quieran ser su propio empleador.<\/p>\n<p>De esta forma, el Ministerio de trabajo junto a CGERA promueven el trabajo registrado, la inserci\u00f3n laboral en puestos formales y condiciones de trabajo dignas.<\/p>\n","protected":false},"excerpt":{"rendered":"<p>La Confederaci\u00f3n General Empresaria (CGERA) y el Ministerio de Trabajo mostraron la contracara de paro al realizar un acto en fomento del trabajo.<\/p>\n","protected":false},"author":2,"featured_media":1540,"comment_status":"closed","ping_status":"closed","sticky":false,"template":"","format":"standard","meta":[],"categories":[5],"tags":[55,59,54,56,57,58],"_links":{"self":[{"href":"https:\/\/www.cge-ra.org\/V16\/wp-json\/wp\/v2\/posts\/1535"}],"collection":[{"href":"https:\/\/www.cge-ra.org\/V16\/wp-json\/wp\/v2\/posts"}],"about":[{"href":"https:\/\/www.cge-ra.org\/V16\/wp-json\/wp\/v2\/types\/post"}],"author":[{"embeddable":true,"href":"https:\/\/www.cge-ra.org\/V16\/wp-json\/wp\/v2\/users\/2"}],"replies":[{"embeddable":true,"href":"https:\/\/www.cge-ra.org\/V16\/wp-json\/wp\/v2\/comments?post=1535"}],"version-history":[{"count":4,"href":"https:\/\/www.cge-ra.org\/V16\/wp-json\/wp\/v2\/posts\/1535\/revisions"}],"predecessor-version":[{"id":1543,"href":"https:\/\/www.cge-ra.org\/V16\/wp-json\/wp\/v2\/posts\/1535\/revisions\/1543"}],"wp:featuredmedia":[{"embeddable":true,"href":"https:\/\/www.cge-ra.org\/V16\/wp-json\/wp\/v2\/media\/1540"}],"wp:attachment":[{"href":"https:\/\/www.cge-ra.org\/V16\/wp-json\/wp\/v2\/media?parent=1535"}],"wp:term":[{"taxonomy":"category","embeddable":true,"href":"https:\/\/www.cge-ra.org\/V16\/wp-json\/wp\/v2\/categories?post=1535"},{"taxonomy":"post_tag","embeddable":true,"href":"https:\/\/www.cge-ra.org\/V16\/wp-json\/wp\/v2\/tags?post=1535"}],"curies":[{"name":"wp","href":"https:\/\/api.w.org\/{rel}","templated":true}]}}