{"id":1544,"date":"2015-08-20T18:59:22","date_gmt":"2015-08-20T18:59:22","guid":{"rendered":"http:\/\/www.cge-ra.org\/V16\/?p=1544"},"modified":"2018-01-09T20:31:23","modified_gmt":"2018-01-09T20:31:23","slug":"scioli-a-empresarios-voy-a-ser-el-presidente-pyme","status":"publish","type":"post","link":"https:\/\/www.cge-ra.org\/V16\/scioli-a-empresarios-voy-a-ser-el-presidente-pyme\/","title":{"rendered":"Scioli a empresarios: \u201cvoy a ser el presidente pyme\u201d"},"content":{"rendered":"<div id='gallery-1' class='gallery galleryid-1544 gallery-columns-1 gallery-size-medium'><figure class='gallery-item'>\n\t\t\t<div class='gallery-icon landscape'>\n\t\t\t\t<a href='https:\/\/www.cge-ra.org\/V16\/wp-content\/uploads\/2015\/11\/IMG_2731.jpg'><img width=\"300\" height=\"200\" src=\"https:\/\/www.cge-ra.org\/V16\/wp-content\/uploads\/2015\/11\/IMG_2731-300x200.jpg\" class=\"attachment-medium size-medium\" alt=\"\" decoding=\"async\" loading=\"lazy\" srcset=\"https:\/\/www.cge-ra.org\/V16\/wp-content\/uploads\/2015\/11\/IMG_2731-300x200.jpg 300w, https:\/\/www.cge-ra.org\/V16\/wp-content\/uploads\/2015\/11\/IMG_2731.jpg 600w\" sizes=\"(max-width: 300px) 100vw, 300px\" \/><\/a>\n\t\t\t<\/div><\/figure><figure class='gallery-item'>\n\t\t\t<div class='gallery-icon landscape'>\n\t\t\t\t<a href='https:\/\/www.cge-ra.org\/V16\/wp-content\/uploads\/2015\/11\/IMG_2661.jpg'><img width=\"300\" height=\"200\" src=\"https:\/\/www.cge-ra.org\/V16\/wp-content\/uploads\/2015\/11\/IMG_2661-300x200.jpg\" class=\"attachment-medium size-medium\" alt=\"\" decoding=\"async\" loading=\"lazy\" srcset=\"https:\/\/www.cge-ra.org\/V16\/wp-content\/uploads\/2015\/11\/IMG_2661-300x200.jpg 300w, https:\/\/www.cge-ra.org\/V16\/wp-content\/uploads\/2015\/11\/IMG_2661.jpg 600w\" sizes=\"(max-width: 300px) 100vw, 300px\" \/><\/a>\n\t\t\t<\/div><\/figure><figure class='gallery-item'>\n\t\t\t<div class='gallery-icon landscape'>\n\t\t\t\t<a href='https:\/\/www.cge-ra.org\/V16\/wp-content\/uploads\/2015\/11\/IMG_2703.jpg'><img width=\"300\" height=\"200\" src=\"https:\/\/www.cge-ra.org\/V16\/wp-content\/uploads\/2015\/11\/IMG_2703-300x200.jpg\" class=\"attachment-medium size-medium\" alt=\"\" decoding=\"async\" loading=\"lazy\" srcset=\"https:\/\/www.cge-ra.org\/V16\/wp-content\/uploads\/2015\/11\/IMG_2703-300x200.jpg 300w, https:\/\/www.cge-ra.org\/V16\/wp-content\/uploads\/2015\/11\/IMG_2703.jpg 600w\" sizes=\"(max-width: 300px) 100vw, 300px\" \/><\/a>\n\t\t\t<\/div><\/figure>\n\t\t<\/div>\n\n<p>Las c\u00e1maras empresarias nucleadas en CGERA junto a otras Entidades y miembros de la Agrupaci\u00f3n Gelbard colmaron el Paseo la Plaza en un acto que cont\u00f3 con la presencia del Gobernador de la Provincia de Buenos Aires y candidato a Presidente de la Naci\u00f3n Daniel Scioli; La Ministra de Industria, D\u00e9bora Giorgi; y el Presidente de la Honorable C\u00e1mara de Diputados, Juli\u00e1n Dom\u00ednguez.<\/p>\n<p>En la presentaci\u00f3n, Ariel Aguilar fue el empresario encargado de explicar a los 500 empresarios presentes que la fecha fue establecida por ley a fines del a\u00f1o pasado, designando el 16 de agosto como d\u00eda del empresario nacional y recuerda la primer reuni\u00f3n impulsada por Jos\u00e9 Ber Gelbard, empresario que luego fue Ministro de Econom\u00eda durante los gobiernos de Juan Domingo Per\u00f3n y H\u00e9ctor C\u00e1mpora.<\/p>\n<p>Scioli se dirigi\u00f3 a los empresarios convocando a un acuerdo nacional: \u201cque mejor que este d\u00eda para convocar a un gran acuerdo nacional para el desarrollo\u201d. Mencion\u00f3 proyectos como el pagar\u00e9 burs\u00e1til, la creaci\u00f3n de parques industriales, la generaci\u00f3n de un banco de desarrollo como el BNDS de Brasil, entre otros.<\/p>\n<p>Scioli se comprometi\u00f3 a \u201cconquistar nuevos mercados y generar m\u00e1s inter\u00e9s en el mundo de las oportunidades que genera la argentina\u201d. \u201cEl pa\u00eds ha encontrado un camino en el cual el empresario nacional tiene un rol fundamental\u201d dijo. Invit\u00f3 a votar por la f\u00f3rmula del FPV, \u201cEl 25 de octubre se disputan dos modelos de pa\u00eds\u201d.<\/p>\n<p>A los empresarios les dijo que \u201cson las pymes el coraz\u00f3n productivo, aspiro a ser un presidente pyme porque nac\u00ed en un hogar pyme\u201d. Alent\u00f3 a los empresarios a \u201cjug\u00e1rsela por Argentina\u201d invitando a invertir. \u201cEste proyecto pol\u00edtico es el m\u00e1s previsible, el m\u00e1s coherente, el m\u00e1s nacional y popular para los empresarios nacionales\u201d.<\/p>\n<p>El candidato a presidente expres\u00f3: \u201clos necesito a ustedes, a sus trabajadores y a todos los argentinos para que juntos convoquemos con un gran esp\u00edritu nacional, salgamos juntos a generar la conciencia colectiva de ir por las victorias que tenemos por delante\u201d. \u201cUstedes son los que contribuyen a que la argentina sea m\u00e1s grande m\u00e1s pr\u00f3spera\u201d<\/p>\n<p>D\u00e9bora Giorgi \u201cel acta fundacional de la CGE parecer\u00eda estar escrito para el futuro de la Argentina, para los empresarios nacionales, las pymes, no para los que quieren tener la vaca atada\u201d. \u201cSe ve la aspiraci\u00f3n de un empresariado nacional por alguien que cre\u00eda en el esfuerzo, que trabajaba por las bases de un empresariado nacional que llevaba adelante una pol\u00edtica industrial que no quedaba en manos de los de afuera\u201d dijo la Ministra.<\/p>\n<p>A continuaci\u00f3n, Juan Jos\u00e9 Cisternas, presidente de la C\u00e1mara de Servicios, Desarrollos e Industrias Ferroviarias \u201ctenemos una deuda pendiente, una deuda que empez\u00f3 hace mucho, que es la de encontrar un camino de unidad de concepci\u00f3n\u201d.<\/p>\n<p>El empresario manifest\u00f3 que \u201chay dos modelos de empresarios y nosotros representamos un modelo de empresarios de distribuci\u00f3n y justicia social\u201d. \u201cSomos los empresarios que nos queremos hacer cargo de la Argentina\u201d declar\u00f3 Cisternas.<\/p>\n<p>Luego, Ra\u00fal Zylbersztein, Secretario General de CGERA y Presidente de FECIBA marc\u00f3 que \u201cel desaf\u00edo que tenemos por delante es la distribuci\u00f3n de la producci\u00f3n y la industrializaci\u00f3n de los recursos naturales, desaf\u00edos que debemos encarar constituyendo el poder de la burgues\u00eda nacional como garante de un proyecto productivo nacional\u201d.<\/p>\n<p>El cierre estuvo a cargo de Juli\u00e1n Dom\u00ednguez: \u201cen argentina hay en juego dos modelos de pa\u00eds y siento el orgullo de ser parte de este proyecto pol\u00edtico\u201d.<\/p>\n<p>\u201cCreemos en nuestras capacidades nacionales y el d\u00eda que votamos la ley del d\u00eda del empresario nacional dijimos que tenemos el orgullo de ser parte de una Argentina que consolida su industrializaci\u00f3n\u201d.<\/p>\n<p>\u201cEsta ley es una forma de honrar el esfuerzo de los argentinos, pero nadie va a poder hacer por nosotros lo que nosotros no hacemos por nosotros mismos\u201d destac\u00f3 Dom\u00ednguez.<\/p>\n<p>\u201cPodemos celebrar gracias a que en la \u00faltima d\u00e9cada hubieron funcionarios, gobernantes y legisladores que creyeron en el sector de las peque\u00f1as y medianas empresas nacionales y tomaron las medidas necesarias para que nosotros podamos continuar creciendo\u201d, sostuvo el presidente de la CGERA, Marcelo Fern\u00e1ndez al finalizar el encuentro.<\/p>\n<p>Estuvieron presentes distintos funcionarios nacionales y provinciales como la Subsecretaria de Comercio Exterior, Paula Espa\u00f1ol; el Subsecretario de Pol\u00edticas en Ciencia, Tecnolog\u00eda e Innovaci\u00f3n Productiva, Fernando Peirano; el Subsecretario Pyme, Andr\u00e9s Elgarrista; el presidente del BICE, Federico Pastrana; el Subsecretario de Industria Comercio y Miner\u00eda de la Provincia de Buenos Aires, Sergio Woyecheszen; entre otros.<\/p>\n<p>Entre los empresarios, adem\u00e1s del presidente de la CGERA, Marcelo Fern\u00e1ndez, estuvieron presentes el Secretario de la entidad Ra\u00fal Zylbersztein; el Presidente de la C\u00e1mara de Servicios Ferroviarios (CASDIF), Jos\u00e9 Cisternas; Daniel Doniki\u00e1n y Ariel Aguilar de la C\u00e1mara Industrial de las Manufacturas del Cuero (CIMA); el presidente de la C\u00e1mara del Calzado, Alberto Sellaro; el presidente de la C\u00e1mara de la Industria del Sweater, Pedro Bergaglio; el Presidente de COOPERALA, Hugo Caivano; el Presidente de CAIPIC; Hugo \u00c1lvarez; el Presidente de la Federaci\u00f3n de Panaderos (FIPPBA), Emilio Majori; el Presidente de la C\u00e1mara de Industrias \u00d3pticas (CADIOA), Norberto Fermani; el presidente de la C\u00e1mara de Tintas Gr\u00e1ficas, Marcelo Girard; Osvaldo Franc\u00e9s de la Asociaci\u00f3n de Radiodifusoras (ARBIA); Aldo Lo Russo, Directivo de CAMIMA; Presidente de la C\u00e1mara de Seguridad (CAS), Alberto Ruibal; Presidente de la C\u00e1mara de Indumentaria de Bebes y Ni\u00f1os (CAIBYN), Eduardo Kozak; la Presidenta de la Uni\u00f3n de Empresarios de Tigre, Claudia Kalineck; el Presidente de AIERA, Juan Carlos Pereyra; el Presidente de ACUBA, Pedro Di Geronimo; la Presidenta de la C\u00e1mara de fabricantes de herrajes (CADEFHA), Sara Gonz\u00e1lez Tain; de la Fundaci\u00f3n Proteger, Marco Meloni; el Presidente de UCI, Roberto Yacuzzi; el Presidente de FESBA, Horacio Moschetto; el Presidente de CAIFA, Leonardo Christensen; el Presidente de la Federaci\u00f3n Econ\u00f3mica de San Luis, An\u00edbal Fern\u00e1ndez Janeiro; el Presidente de CGERA regional sur, Facundo Gald\u00f3s; el Director de la Red de Centros de Formaci\u00f3n CGERA, Guillermo Siro; y la referente de la Agrupaci\u00f3n Gelbard Mor\u00f3n, Ver\u00f3nica Wejchenberg.<\/p>\n","protected":false},"excerpt":{"rendered":"<p>Se realiz\u00f3 con m\u00e1s de 500 empresarios el primer festejo del D\u00eda del Empresario Nacional luego de establecido el 16 de agosto por ley.<\/p>\n","protected":false},"author":2,"featured_media":1547,"comment_status":"closed","ping_status":"closed","sticky":false,"template":"","format":"standard","meta":[],"categories":[1],"tags":[61,62,48,49,60],"_links":{"self":[{"href":"https:\/\/www.cge-ra.org\/V16\/wp-json\/wp\/v2\/posts\/1544"}],"collection":[{"href":"https:\/\/www.cge-ra.org\/V16\/wp-json\/wp\/v2\/posts"}],"about":[{"href":"https:\/\/www.cge-ra.org\/V16\/wp-json\/wp\/v2\/types\/post"}],"author":[{"embeddable":true,"href":"https:\/\/www.cge-ra.org\/V16\/wp-json\/wp\/v2\/users\/2"}],"replies":[{"embeddable":true,"href":"https:\/\/www.cge-ra.org\/V16\/wp-json\/wp\/v2\/comments?post=1544"}],"version-history":[{"count":1,"href":"https:\/\/www.cge-ra.org\/V16\/wp-json\/wp\/v2\/posts\/1544\/revisions"}],"predecessor-version":[{"id":1548,"href":"https:\/\/www.cge-ra.org\/V16\/wp-json\/wp\/v2\/posts\/1544\/revisions\/1548"}],"wp:featuredmedia":[{"embeddable":true,"href":"https:\/\/www.cge-ra.org\/V16\/wp-json\/wp\/v2\/media\/1547"}],"wp:attachment":[{"href":"https:\/\/www.cge-ra.org\/V16\/wp-json\/wp\/v2\/media?parent=1544"}],"wp:term":[{"taxonomy":"category","embeddable":true,"href":"https:\/\/www.cge-ra.org\/V16\/wp-json\/wp\/v2\/categories?post=1544"},{"taxonomy":"post_tag","embeddable":true,"href":"https:\/\/www.cge-ra.org\/V16\/wp-json\/wp\/v2\/tags?post=1544"}],"curies":[{"name":"wp","href":"https:\/\/api.w.org\/{rel}","templated":true}]}}