{"id":1559,"date":"2015-09-14T19:48:57","date_gmt":"2015-09-14T19:48:57","guid":{"rendered":"http:\/\/www.cge-ra.org\/V16\/?p=1559"},"modified":"2015-11-03T19:56:09","modified_gmt":"2015-11-03T19:56:09","slug":"por-mas-y-mejor-capacitacion","status":"publish","type":"post","link":"https:\/\/www.cge-ra.org\/V16\/por-mas-y-mejor-capacitacion\/","title":{"rendered":"Por m\u00e1s y mejor capacitaci\u00f3n"},"content":{"rendered":"<div id='gallery-1' class='gallery galleryid-1559 gallery-columns-1 gallery-size-medium'><figure class='gallery-item'>\n\t\t\t<div class='gallery-icon landscape'>\n\t\t\t\t<a href='https:\/\/www.cge-ra.org\/V16\/wp-content\/uploads\/2015\/11\/proemplear-2.jpg'><img width=\"300\" height=\"200\" src=\"https:\/\/www.cge-ra.org\/V16\/wp-content\/uploads\/2015\/11\/proemplear-2-300x200.jpg\" class=\"attachment-medium size-medium\" alt=\"\" decoding=\"async\" loading=\"lazy\" aria-describedby=\"gallery-1-1560\" srcset=\"https:\/\/www.cge-ra.org\/V16\/wp-content\/uploads\/2015\/11\/proemplear-2-300x200.jpg 300w, https:\/\/www.cge-ra.org\/V16\/wp-content\/uploads\/2015\/11\/proemplear-2.jpg 600w\" sizes=\"(max-width: 300px) 100vw, 300px\" \/><\/a>\n\t\t\t<\/div>\n\t\t\t\t<figcaption class='wp-caption-text gallery-caption' id='gallery-1-1560'>\n\t\t\t\tFuncionarios nacionales, dirigentes sindicales y empresarios\n\t\t\t\t<\/figcaption><\/figure><figure class='gallery-item'>\n\t\t\t<div class='gallery-icon landscape'>\n\t\t\t\t<a href='https:\/\/www.cge-ra.org\/V16\/wp-content\/uploads\/2015\/11\/proemplear-3.jpg'><img width=\"300\" height=\"200\" src=\"https:\/\/www.cge-ra.org\/V16\/wp-content\/uploads\/2015\/11\/proemplear-3-300x200.jpg\" class=\"attachment-medium size-medium\" alt=\"\" decoding=\"async\" loading=\"lazy\" srcset=\"https:\/\/www.cge-ra.org\/V16\/wp-content\/uploads\/2015\/11\/proemplear-3-300x200.jpg 300w, https:\/\/www.cge-ra.org\/V16\/wp-content\/uploads\/2015\/11\/proemplear-3.jpg 600w\" sizes=\"(max-width: 300px) 100vw, 300px\" \/><\/a>\n\t\t\t<\/div><\/figure>\n\t\t<\/div>\n\n<p>La Confederaci\u00f3n General Empresaria (CGERA) particip\u00f3 de la FERIA PROEMPLEAR 2015 organizada por el Ministerio de Trabajo, Empleo y Seguridad Social de la Naci\u00f3n los d\u00edas 11,12 y 13 de septiembre en Tecnopolis. La expo reuni\u00f3 c\u00e1maras empresarias, centros de formaci\u00f3n y emprendedores.<\/p>\n<p>El s\u00e1bado 12, en la recorrida por la feria el Dr. Carlos Tomada, Ministro de Trabajo, se sorprendi\u00f3 al saber que CGERA ya alcanz\u00f3 los 31 centros de formaci\u00f3n profesional en todo el pa\u00eds a partir de un trabajo en conjunto con el MTEySS.<\/p>\n<p>Estuvieron presentes, Alberto Sileoni, ministro de Educaci\u00f3n; Mat\u00edas Barroetave\u00f1a y Ofelia C\u00e9dola, secretarios de Empleo y de Seguridad Social del Ministerio de Trabajo nacional; Oscar Cuartango, Ministro de Trabajo de la provincia de Buenos Aires; Marcelo Fern\u00e1ndez, Presidente de CGERA; Omar Viviani, secretario general del sindicato de peones de taxis; Abel Furl\u00e1n, de la UOM; V\u00edctor Santamar\u00eda, del SUTERH; Luis Abad, del RENATEA; y Guillermo Siro, Director de la Red de Centros de Formaci\u00f3n Continua CGERA.<\/p>\n<p>Tomada manifest\u00f3 que \u201cesta es una muestra de c\u00f3mo se puede transformar desde una actitud colectiva la realidad de los trabajadores junto con los empresarios y los sindicatos\u201d.<\/p>\n<p>Por su parte, Fern\u00e1ndez agradeci\u00f3 al Ministro y celebr\u00f3 \u201cque gracias al trabajo realizado durante todos estos a\u00f1os, hoy estamos en un mismo lugar, funcionarios nacionales y provinciales, dirigentes sindicales y dirigentes de las peque\u00f1as y medianas empresas, pensando en m\u00e1s y mejor trabajo, en m\u00e1s y mejor capacitaci\u00f3n\u201d.<\/p>\n<p>Guillermo Siro enfatiz\u00f3 que CGERA continua trabajando para abrir m\u00e1s Centros de Formaci\u00f3n en busca de seguir por el camino de la inclusi\u00f3n social e inserci\u00f3n laboral. Adem\u00e1s, adelant\u00f3 que pr\u00f3ximamente se inaugurara un Centro en el Mercado Central.<\/p>\n","protected":false},"excerpt":{"rendered":"<p>CGERA ya tiene 31 centros de formaci\u00f3n profesional alrededor de todo el pa\u00eds.<\/p>\n","protected":false},"author":2,"featured_media":1560,"comment_status":"closed","ping_status":"closed","sticky":false,"template":"","format":"standard","meta":[],"categories":[5],"tags":[55,69,57,68,65,58],"_links":{"self":[{"href":"https:\/\/www.cge-ra.org\/V16\/wp-json\/wp\/v2\/posts\/1559"}],"collection":[{"href":"https:\/\/www.cge-ra.org\/V16\/wp-json\/wp\/v2\/posts"}],"about":[{"href":"https:\/\/www.cge-ra.org\/V16\/wp-json\/wp\/v2\/types\/post"}],"author":[{"embeddable":true,"href":"https:\/\/www.cge-ra.org\/V16\/wp-json\/wp\/v2\/users\/2"}],"replies":[{"embeddable":true,"href":"https:\/\/www.cge-ra.org\/V16\/wp-json\/wp\/v2\/comments?post=1559"}],"version-history":[{"count":2,"href":"https:\/\/www.cge-ra.org\/V16\/wp-json\/wp\/v2\/posts\/1559\/revisions"}],"predecessor-version":[{"id":1563,"href":"https:\/\/www.cge-ra.org\/V16\/wp-json\/wp\/v2\/posts\/1559\/revisions\/1563"}],"wp:featuredmedia":[{"embeddable":true,"href":"https:\/\/www.cge-ra.org\/V16\/wp-json\/wp\/v2\/media\/1560"}],"wp:attachment":[{"href":"https:\/\/www.cge-ra.org\/V16\/wp-json\/wp\/v2\/media?parent=1559"}],"wp:term":[{"taxonomy":"category","embeddable":true,"href":"https:\/\/www.cge-ra.org\/V16\/wp-json\/wp\/v2\/categories?post=1559"},{"taxonomy":"post_tag","embeddable":true,"href":"https:\/\/www.cge-ra.org\/V16\/wp-json\/wp\/v2\/tags?post=1559"}],"curies":[{"name":"wp","href":"https:\/\/api.w.org\/{rel}","templated":true}]}}