{"id":1569,"date":"2015-09-28T20:05:45","date_gmt":"2015-09-28T20:05:45","guid":{"rendered":"http:\/\/www.cge-ra.org\/V16\/?p=1569"},"modified":"2018-01-09T20:31:05","modified_gmt":"2018-01-09T20:31:05","slug":"cgera-en-expo-defensa-de-la-industria-2015","status":"publish","type":"post","link":"https:\/\/www.cge-ra.org\/V16\/cgera-en-expo-defensa-de-la-industria-2015\/","title":{"rendered":"CGERA en Expo Defensa de la Industria 2015"},"content":{"rendered":"<div id='gallery-1' class='gallery galleryid-1569 gallery-columns-1 gallery-size-medium'><figure class='gallery-item'>\n\t\t\t<div class='gallery-icon landscape'>\n\t\t\t\t<a href='https:\/\/www.cge-ra.org\/V16\/wp-content\/uploads\/2015\/11\/defind-1.jpg'><img width=\"300\" height=\"200\" src=\"https:\/\/www.cge-ra.org\/V16\/wp-content\/uploads\/2015\/11\/defind-1-300x200.jpg\" class=\"attachment-medium size-medium\" alt=\"\" decoding=\"async\" loading=\"lazy\" srcset=\"https:\/\/www.cge-ra.org\/V16\/wp-content\/uploads\/2015\/11\/defind-1-300x200.jpg 300w, https:\/\/www.cge-ra.org\/V16\/wp-content\/uploads\/2015\/11\/defind-1.jpg 600w\" sizes=\"(max-width: 300px) 100vw, 300px\" \/><\/a>\n\t\t\t<\/div><\/figure><figure class='gallery-item'>\n\t\t\t<div class='gallery-icon landscape'>\n\t\t\t\t<a href='https:\/\/www.cge-ra.org\/V16\/wp-content\/uploads\/2015\/11\/defind-4.jpg'><img width=\"300\" height=\"200\" src=\"https:\/\/www.cge-ra.org\/V16\/wp-content\/uploads\/2015\/11\/defind-4-300x200.jpg\" class=\"attachment-medium size-medium\" alt=\"\" decoding=\"async\" loading=\"lazy\" srcset=\"https:\/\/www.cge-ra.org\/V16\/wp-content\/uploads\/2015\/11\/defind-4-300x200.jpg 300w, https:\/\/www.cge-ra.org\/V16\/wp-content\/uploads\/2015\/11\/defind-4.jpg 600w\" sizes=\"(max-width: 300px) 100vw, 300px\" \/><\/a>\n\t\t\t<\/div><\/figure>\n\t\t<\/div>\n\n<p>El Presidente de CGERA, Marcelo Fern\u00e1ndez particip\u00f3 del panel de cierre de la muestra titulado: <em>\u201cLa industria por la defensa como motor de las pymes argentinas\u201d<\/em>, junto con el Ministro de Defensa de la Naci\u00f3n, Agust\u00edn Rossi; el secretario de Ciencia, Tecnolog\u00eda y Producci\u00f3n para la Defensa, Santiago Rodr\u00edguez; y otros dirigentes de c\u00e1maras empresarias.<\/p>\n<p>El encuentro se llev\u00f3 a cabo en el predio ferial de Costa Salguero desde el mi\u00e9rcoles 23 al s\u00e1bado 26 de septiembre. M\u00e1s de 25.000 personas visitaron la primera edici\u00f3n de la muestra con la participaci\u00f3n de m\u00e1s de 120 empresas nacionales, 20 del exterior y 30 institutos de investigaci\u00f3n p\u00fablicos y privados.<\/p>\n<p>El ministro de Defensa, Agust\u00edn Rossi, dijo que \u00ablos avances de estos 12 a\u00f1os en materia de Industria para la Defensa son un orgullo para todos los argentinos\u201d.<\/p>\n<p>\u201cEn esta etapa de definiciones del pa\u00eds, el c\u00f3mo sigue depende de nosotros. Hay candidatos a presidentes que proponen un Estado chico, que nos asocia claramente a las pol\u00edticas de los noventa\u201d, advirti\u00f3.<\/p>\n<p>\u00abDefensa de la Industria tuvo como prop\u00f3sito mostrar lo que se estuvo haciendo en estos \u00faltimos doce a\u00f1os, que es fruto de una firme decisi\u00f3n pol\u00edtica y de un proyecto de pa\u00eds\u201d, sostuvo Santiago Rodr\u00edguez.<\/p>\n<p>Fern\u00e1ndez manifest\u00f3 \u00a0que \u201ccon esta megaferia se demuestra que hubo gesti\u00f3n en todos estos a\u00f1os. Hoy tenemos m\u00e1s negocios para las Pymes. Debemos mantener lo conseguido e inclusive mejorarlo, pero no retroceder\u201d.<\/p>\n<p>El titular de CGERA asegur\u00f3 que tanto Agust\u00edn Rossi como Santiago Rodr\u00edguez se comprometieron a continuar trabajando hasta el \u00faltimo d\u00eda de gesti\u00f3n para que m\u00e1s pymes nacionales provean a las fuerzas de seguridad del total de sus necesidades.<\/p>\n<p>CGERA particip\u00f3 dela feria con un stand junto con la C\u00e1mara del Calzado (CIC).<\/p>\n","protected":false},"excerpt":{"rendered":"<p>Un encuentro exclusivo de los principales actores, organismos, y c\u00e1maras empresarias de la industria para la defensa.<\/p>\n","protected":false},"author":2,"featured_media":1570,"comment_status":"closed","ping_status":"closed","sticky":false,"template":"","format":"standard","meta":[],"categories":[1],"tags":[75,76,63,77],"_links":{"self":[{"href":"https:\/\/www.cge-ra.org\/V16\/wp-json\/wp\/v2\/posts\/1569"}],"collection":[{"href":"https:\/\/www.cge-ra.org\/V16\/wp-json\/wp\/v2\/posts"}],"about":[{"href":"https:\/\/www.cge-ra.org\/V16\/wp-json\/wp\/v2\/types\/post"}],"author":[{"embeddable":true,"href":"https:\/\/www.cge-ra.org\/V16\/wp-json\/wp\/v2\/users\/2"}],"replies":[{"embeddable":true,"href":"https:\/\/www.cge-ra.org\/V16\/wp-json\/wp\/v2\/comments?post=1569"}],"version-history":[{"count":1,"href":"https:\/\/www.cge-ra.org\/V16\/wp-json\/wp\/v2\/posts\/1569\/revisions"}],"predecessor-version":[{"id":1572,"href":"https:\/\/www.cge-ra.org\/V16\/wp-json\/wp\/v2\/posts\/1569\/revisions\/1572"}],"wp:featuredmedia":[{"embeddable":true,"href":"https:\/\/www.cge-ra.org\/V16\/wp-json\/wp\/v2\/media\/1570"}],"wp:attachment":[{"href":"https:\/\/www.cge-ra.org\/V16\/wp-json\/wp\/v2\/media?parent=1569"}],"wp:term":[{"taxonomy":"category","embeddable":true,"href":"https:\/\/www.cge-ra.org\/V16\/wp-json\/wp\/v2\/categories?post=1569"},{"taxonomy":"post_tag","embeddable":true,"href":"https:\/\/www.cge-ra.org\/V16\/wp-json\/wp\/v2\/tags?post=1569"}],"curies":[{"name":"wp","href":"https:\/\/api.w.org\/{rel}","templated":true}]}}