{"id":1573,"date":"2015-09-30T20:10:17","date_gmt":"2015-09-30T20:10:17","guid":{"rendered":"http:\/\/www.cge-ra.org\/V16\/?p=1573"},"modified":"2015-11-03T20:12:55","modified_gmt":"2015-11-03T20:12:55","slug":"la-secretaria-de-comercio-solicito-a-las-empresas-presentar-el-formulario-de-inversion-empleo-y-comercio-para-2016","status":"publish","type":"post","link":"https:\/\/www.cge-ra.org\/V16\/la-secretaria-de-comercio-solicito-a-las-empresas-presentar-el-formulario-de-inversion-empleo-y-comercio-para-2016\/","title":{"rendered":"La Secretar\u00eda de Comercio solicit\u00f3 a las empresas presentar el formulario de inversi\u00f3n, empleo y comercio para 2016"},"content":{"rendered":"<p>Este mediod\u00eda se realiz\u00f3 una reuni\u00f3n convocada por el Secretario de Comercio Augusto Costa con empresarios de diversos sectores junto al Secretario, la Subsecretaria de Comercio Exterior Paula Espa\u00f1ol y todo su equipo.<\/p>\n<p>La Confederaci\u00f3n General Emrpesaria (CGERA) estuvo representada por Ariel Aguilar junto a Marcelo Girard.<\/p>\n<p>Costa expuso c\u00f3mo hab\u00eda sido la gesti\u00f3n de la Secretar\u00eda de Comercio durante 2015 y manifest\u00f3 que se hab\u00edan alcanzado los objetivos propuestos por la secretar\u00eda de darle previsibilidad a los empresarios, estableciendo pautas para la importaci\u00f3n que cada una de las empresas han ido cumpliendo.<\/p>\n<p>El Secretario de comercio inform\u00f3 que hubo acuerdos con m\u00e1s de 6.000 empresas, que 3.000 pymes tuvieron audiencias en la Secretar\u00eda de Comercio y que cada una de ellas complet\u00f3 su proyecto de inversi\u00f3n para este a\u00f1o. Costa inform\u00f3 que han ido realizando una evaluaci\u00f3n de si iban o no cumpliendo con los compromisos de inversi\u00f3n y se manifest\u00f3 conforme con el nivel de cumplimiento.<\/p>\n<p>El funcionario destac\u00f3 la administraci\u00f3n del Comercio Exterior, \u201cno como una forma de cuidar los d\u00f3lares sino como una pol\u00edtica industrial\u201d. En ese sentido resalt\u00f3 que si este proyecto pol\u00edtico sigue en el Gobierno, la administraci\u00f3n del comercio exterior seguir\u00e1 siendo una pol\u00edtica de Estado.<\/p>\n<p>Le solicit\u00f3 a los presidentes de las C\u00e1maras empresarias que les transmitan a todas las empresas asociadas que deber\u00e1n presentar el formulario de inversi\u00f3n, empleo y comercio exterior para 2016 antes del 19 de octubre de este a\u00f1o.<\/p>\n<p>Manifest\u00f3 que la idea es que se importen menos bienes finales, dando prioridad a los bienes de capital que no se fabrican en argentina y a los insumos que hacen al desarrollo de las industrias.<\/p>\n<p>Luego, ante los aproximadamente 50 directivos de c\u00e1maras empresarias que concurrieron a la reuni\u00f3n, la Subsecretaria de Comercio Exterior, Paula Espa\u00f1ol recalc\u00f3 que es importante seguir recibiendo informaci\u00f3n para saber qu\u00e9 productos y qu\u00e9 cantidades pueden producir las empresas a fin de seguir sustituyendo importaciones.<\/p>\n<p>Aguilar, al finalizar el encuentro, destac\u00f3 las afirmaciones de Costa sobre la relevancia de la administraci\u00f3n del comercio: \u201cme parece muy saludable que haya una toma de posici\u00f3n sobre la pol\u00edtica de administraci\u00f3n del comercio exterior como pol\u00edtica de Estado, para darle continuidad en el tiempo, lo que da un marco de previsibilidad a los empresarios\u201d. \u201cEs relevante tambi\u00e9n ver que la gesti\u00f3n se enmarca en objetivos de industrializaci\u00f3n, que son la soluci\u00f3n en el mediano plazo para el tema de la restricci\u00f3n externa, generando empleo, distribuyendo y agregando valor\u201d declar\u00f3 el empresario marroquinero.<\/p>\n<p>El evento tuvo lugar en el Sal\u00f3n Belgrano de la Secretar\u00eda de Comercio, comenz\u00f3 a las 12 horas y dur\u00f3 aproximadamente 50 minutos.<\/p>\n","protected":false},"excerpt":{"rendered":"<p>Este mediod\u00eda se realiz\u00f3 una reuni\u00f3n convocada por el Secretario de Comercio Augusto Costa con empresarios de diversos sectores junto al Secretario, la Subsecretaria de Comercio Exterior Paula Espa\u00f1ol y todo su equipo. La Confederaci\u00f3n General Emrpesaria (CGERA) estuvo representada por Ariel Aguilar junto a Marcelo Girard. Costa expuso c\u00f3mo hab\u00eda sido la gesti\u00f3n de &#8230;<\/p>\n","protected":false},"author":2,"featured_media":0,"comment_status":"closed","ping_status":"closed","sticky":false,"template":"","format":"standard","meta":[],"categories":[45],"tags":[67,80,81,79,78],"_links":{"self":[{"href":"https:\/\/www.cge-ra.org\/V16\/wp-json\/wp\/v2\/posts\/1573"}],"collection":[{"href":"https:\/\/www.cge-ra.org\/V16\/wp-json\/wp\/v2\/posts"}],"about":[{"href":"https:\/\/www.cge-ra.org\/V16\/wp-json\/wp\/v2\/types\/post"}],"author":[{"embeddable":true,"href":"https:\/\/www.cge-ra.org\/V16\/wp-json\/wp\/v2\/users\/2"}],"replies":[{"embeddable":true,"href":"https:\/\/www.cge-ra.org\/V16\/wp-json\/wp\/v2\/comments?post=1573"}],"version-history":[{"count":1,"href":"https:\/\/www.cge-ra.org\/V16\/wp-json\/wp\/v2\/posts\/1573\/revisions"}],"predecessor-version":[{"id":1574,"href":"https:\/\/www.cge-ra.org\/V16\/wp-json\/wp\/v2\/posts\/1573\/revisions\/1574"}],"wp:attachment":[{"href":"https:\/\/www.cge-ra.org\/V16\/wp-json\/wp\/v2\/media?parent=1573"}],"wp:term":[{"taxonomy":"category","embeddable":true,"href":"https:\/\/www.cge-ra.org\/V16\/wp-json\/wp\/v2\/categories?post=1573"},{"taxonomy":"post_tag","embeddable":true,"href":"https:\/\/www.cge-ra.org\/V16\/wp-json\/wp\/v2\/tags?post=1573"}],"curies":[{"name":"wp","href":"https:\/\/api.w.org\/{rel}","templated":true}]}}