{"id":1629,"date":"2016-03-07T18:26:46","date_gmt":"2016-03-07T18:26:46","guid":{"rendered":"http:\/\/www.cge-ra.org\/V16\/?p=1629"},"modified":"2018-01-09T20:29:10","modified_gmt":"2018-01-09T20:29:10","slug":"preocupacion-en-los-sectores-sensibles-de-la-industria","status":"publish","type":"post","link":"https:\/\/www.cge-ra.org\/V16\/preocupacion-en-los-sectores-sensibles-de-la-industria\/","title":{"rendered":"Preocupaci\u00f3n en los sectores sensibles de la industria"},"content":{"rendered":"<div id='gallery-1' class='gallery galleryid-1629 gallery-columns-1 gallery-size-medium'><figure class='gallery-item'>\n\t\t\t<div class='gallery-icon portrait'>\n\t\t\t\t<a href='https:\/\/www.cge-ra.org\/V16\/wp-content\/uploads\/2016\/03\/BAE-TAPA.jpg'><img width=\"212\" height=\"300\" src=\"https:\/\/www.cge-ra.org\/V16\/wp-content\/uploads\/2016\/03\/BAE-TAPA-212x300.jpg\" class=\"attachment-medium size-medium\" alt=\"\" decoding=\"async\" loading=\"lazy\" srcset=\"https:\/\/www.cge-ra.org\/V16\/wp-content\/uploads\/2016\/03\/BAE-TAPA-212x300.jpg 212w, https:\/\/www.cge-ra.org\/V16\/wp-content\/uploads\/2016\/03\/BAE-TAPA-723x1024.jpg 723w, https:\/\/www.cge-ra.org\/V16\/wp-content\/uploads\/2016\/03\/BAE-TAPA.jpg 743w\" sizes=\"(max-width: 212px) 100vw, 212px\" \/><\/a>\n\t\t\t<\/div><\/figure><figure class='gallery-item'>\n\t\t\t<div class='gallery-icon landscape'>\n\t\t\t\t<a href='https:\/\/www.cge-ra.org\/V16\/wp-content\/uploads\/2016\/03\/BAE-7-03.jpg'><img width=\"300\" height=\"205\" src=\"https:\/\/www.cge-ra.org\/V16\/wp-content\/uploads\/2016\/03\/BAE-7-03-300x205.jpg\" class=\"attachment-medium size-medium\" alt=\"\" decoding=\"async\" loading=\"lazy\" srcset=\"https:\/\/www.cge-ra.org\/V16\/wp-content\/uploads\/2016\/03\/BAE-7-03-300x205.jpg 300w, https:\/\/www.cge-ra.org\/V16\/wp-content\/uploads\/2016\/03\/BAE-7-03-1024x699.jpg 1024w, https:\/\/www.cge-ra.org\/V16\/wp-content\/uploads\/2016\/03\/BAE-7-03-110x75.jpg 110w\" sizes=\"(max-width: 300px) 100vw, 300px\" \/><\/a>\n\t\t\t<\/div><\/figure>\n\t\t<\/div>\n\n<p><strong><em>Empresarios en alerta por la dif\u00edcil coyuntura que atraviesan los sectores pymes.<\/em><\/strong><\/p>\n<p>La ca\u00edda de la demanda, la devaluaci\u00f3n, la suba de las tasas, la indexaci\u00f3n de facturas, la suba de la tarifa el\u00e9ctrica, la apertura de las importaciones y las dificultades que esto conlleva para el\u00a0 sustento del empleo y la producci\u00f3n, son la verdadera realidad que enfrentan hoy los empresarios agrupados en la Confederaci\u00f3n General Empresaria (CGERA).<\/p>\n<p>\u201cLas ventas cayeron entre un 20 y 30% en lo que va del 2016 en comparaci\u00f3n al mismo per\u00edodo \u00a0del 2015 en la mayor\u00eda de los sectores industriales\u201d, se\u00f1al\u00f3 el Presidente de CGERA, Marcelo Fern\u00e1ndez. Esto se genera \u201ctanto por retracci\u00f3n de la demanda como por sustituci\u00f3n de lo que producimos por lo importado; lo cual se agravar\u00e1 en el segundo semestre, cuando vayan llegando los pedidos realizados recientemente\u201d, sostuvo.<\/p>\n<p>Por su parte, el Secretario General de CGERA, Ra\u00fal Zylbersztein manifest\u00f3 que \u201choy las industrias pymes ya tuvieron 3 facturas distintas de sus proveedores por la misma compra; una cuando se entreg\u00f3, la segunda por la diferencia de cambio al pagar y la tercera, por la diferencia de cambio al d\u00eda de acreditaci\u00f3n de los cheques. Mientras tanto las pymes est\u00e1n aun cobrando las facturas que realizaron con un d\u00f3lar a 9,60\u201d.<\/p>\n<p>\u201cLa AFIP sube la tasa de los que financian las cargas sociales a 6 meses a la par de las tasas del sistema financiero, esto le est\u00e1 quitando entre un 35 a un 60% del capital de trabajo a las pymes. El problema ya no es la falta de cr\u00e9dito, sino que podamos mantener la nuestra\u201d indic\u00f3 Zylbersztein, directivo de la C\u00e1mara de Manufacturas del Cuero (CIMA).<\/p>\n<p>Los empresarios manifestaron que a\u00fan no han podido tener reuniones de peso con el actual gobierno para proponer una agenda con los temas industriales y pymes; y que esperan tenerlas en breve, ya que hoy se est\u00e1 creando una mochila financiera para las pymes que dificultar\u00e1 su continuidad.<\/p>\n<p>En muchos casos, los sectores que mantuvieron reuniones con funcionarios del \u00e1rea de comercio y producci\u00f3n, les han sugerido la b\u00fasqueda de normas t\u00e9cnicas que act\u00faen como barreras para-arancelarias con el fin de dificultar la entrada de productos importados. Igualmente, cabe destacar que la realizaci\u00f3n de estas medidas lleva aproximadamente alrededor de un a\u00f1o de trabajo para su implementaci\u00f3n, con lo cual esto no resuelve el problema inmediato.<\/p>\n<p>A largo plazo, las preocupaciones tienen que ver con las pol\u00edticas de administraci\u00f3n de comercio exterior, la presi\u00f3n tributaria y los tratados de libre comercio. Y como Pobreza Cero implica Trabajo Cien; los empresarios pymes debemos saber cu\u00e1l es el proyecto del gobierno para dar trabajo a todos los argentinos, ya que las pymes representamos m\u00e1s del 70% del trabajo privado.<\/p>\n<p>CGERA representa los\u00a0 sectores del Cuero, Indumentaria, Curtiembres, Exportadores pymes, de la Carne, Electr\u00f3nicos, Radiodifusores, \u00d3pticos, Engordadores de Hacienda, Fabricantes de Tintas Gr\u00e1ficas, Indumentaria, del Juguete, Industria del Calzado, Herrajes, Productores Art\u00edsticos y Culturales, Seguridad, Construcci\u00f3n, Empresas Procesadoras Av\u00edcolas, Laboratorios, Farmacias, Textiles, Autopartes Pyme,\u00a0 Panaderil, Ferroviarios, aires acondicionados, entre otros.<\/p>\n","protected":false},"excerpt":{"rendered":"<p>Empresarios en alerta por la dif\u00edcil coyuntura que atraviesan los sectores pymes. La ca\u00edda de la demanda, la devaluaci\u00f3n, la suba de las tasas, la indexaci\u00f3n de facturas, la suba de la tarifa el\u00e9ctrica, la apertura de las importaciones y las dificultades que esto conlleva para el\u00a0 sustento del empleo y la producci\u00f3n, son la &#8230;<\/p>\n","protected":false},"author":2,"featured_media":1632,"comment_status":"closed","ping_status":"closed","sticky":false,"template":"","format":"standard","meta":[],"categories":[1],"tags":[63,89,50,90],"_links":{"self":[{"href":"https:\/\/www.cge-ra.org\/V16\/wp-json\/wp\/v2\/posts\/1629"}],"collection":[{"href":"https:\/\/www.cge-ra.org\/V16\/wp-json\/wp\/v2\/posts"}],"about":[{"href":"https:\/\/www.cge-ra.org\/V16\/wp-json\/wp\/v2\/types\/post"}],"author":[{"embeddable":true,"href":"https:\/\/www.cge-ra.org\/V16\/wp-json\/wp\/v2\/users\/2"}],"replies":[{"embeddable":true,"href":"https:\/\/www.cge-ra.org\/V16\/wp-json\/wp\/v2\/comments?post=1629"}],"version-history":[{"count":1,"href":"https:\/\/www.cge-ra.org\/V16\/wp-json\/wp\/v2\/posts\/1629\/revisions"}],"predecessor-version":[{"id":1633,"href":"https:\/\/www.cge-ra.org\/V16\/wp-json\/wp\/v2\/posts\/1629\/revisions\/1633"}],"wp:featuredmedia":[{"embeddable":true,"href":"https:\/\/www.cge-ra.org\/V16\/wp-json\/wp\/v2\/media\/1632"}],"wp:attachment":[{"href":"https:\/\/www.cge-ra.org\/V16\/wp-json\/wp\/v2\/media?parent=1629"}],"wp:term":[{"taxonomy":"category","embeddable":true,"href":"https:\/\/www.cge-ra.org\/V16\/wp-json\/wp\/v2\/categories?post=1629"},{"taxonomy":"post_tag","embeddable":true,"href":"https:\/\/www.cge-ra.org\/V16\/wp-json\/wp\/v2\/tags?post=1629"}],"curies":[{"name":"wp","href":"https:\/\/api.w.org\/{rel}","templated":true}]}}