{"id":1670,"date":"2016-05-05T20:44:13","date_gmt":"2016-05-05T20:44:13","guid":{"rendered":"http:\/\/www.cge-ra.org\/V16\/?p=1670"},"modified":"2018-01-09T20:25:24","modified_gmt":"2018-01-09T20:25:24","slug":"a-pedido-de-cgera-diputados-se-comprometieron-a-trabajar-por-una-ley-de-emergencia-pyme","status":"publish","type":"post","link":"https:\/\/www.cge-ra.org\/V16\/a-pedido-de-cgera-diputados-se-comprometieron-a-trabajar-por-una-ley-de-emergencia-pyme\/","title":{"rendered":"A Pedido de CGERA, diputados se comprometieron a trabajar por una Ley de Emergencia Pyme"},"content":{"rendered":"<p>&nbsp;<\/p>\n<div id='gallery-1' class='gallery galleryid-1670 gallery-columns-1 gallery-size-medium'><figure class='gallery-item'>\n\t\t\t<div class='gallery-icon landscape'>\n\t\t\t\t<a href='https:\/\/www.cge-ra.org\/V16\/wp-content\/uploads\/2016\/05\/IMG_5871.jpg'><img width=\"300\" height=\"200\" src=\"https:\/\/www.cge-ra.org\/V16\/wp-content\/uploads\/2016\/05\/IMG_5871-300x200.jpg\" class=\"attachment-medium size-medium\" alt=\"\" decoding=\"async\" loading=\"lazy\" srcset=\"https:\/\/www.cge-ra.org\/V16\/wp-content\/uploads\/2016\/05\/IMG_5871-300x200.jpg 300w, https:\/\/www.cge-ra.org\/V16\/wp-content\/uploads\/2016\/05\/IMG_5871.jpg 600w\" sizes=\"(max-width: 300px) 100vw, 300px\" \/><\/a>\n\t\t\t<\/div><\/figure>\n\t\t<\/div>\n\n<p><em><strong>Bajo la consigna \u201cNi un empleo menos, ni una pyme menos\u201d, la Confederaci\u00f3n General Empresaria (CGERA) y otras entidades industriales afines se presentaron ante la Comisi\u00f3n Pyme de Diputados para dar a conocer la situaci\u00f3n que est\u00e1n atravesando los diversos sectores.<\/strong><\/em><\/p>\n<p>\u201cNecesitamos una ley de Emergencia Laboral, pero tambi\u00e9n una Ley de Emergencia Pyme para cuidar a las empresas que generan m\u00e1s del 70% de las fuentes laborales en la Argentina. Ni un empleo menos, ni una pyme menos\u201d, expres\u00f3 Ariel Aguilar, en representaci\u00f3n de CGERA.\u00a0 \u201cCelebro esta iniciativa y que distintos sectores pol\u00edticos se hayan comprometido a trabajar en la elaboraci\u00f3n de un proyecto de Ley que contemple medidas para paliar la grave situaci\u00f3n que est\u00e1 atravesando nuestro sector productivo\u201d, complet\u00f3.<\/p>\n<p>Por su parte, los diputados Ignacio De Mendiguren (FR) y Axel Kicillof (FPV) fueron algunos de los legisladores presentes que se manifestaron a favor de trabajar en la elaboraci\u00f3n de una Ley de Emergencia Pyme, tal como lo solicitaran los dirigentes de CGERA.<\/p>\n<p>La primera reuni\u00f3n del a\u00f1o de la comisi\u00f3n, convocada por el Diputado Salte\u00f1o Pablo Kosiner, se desarroll\u00f3 en el marco de la pol\u00e9mica por la Ley Antidespidos que se tratar\u00e1 en la C\u00e1mara Baja. En este sentido, la mayor\u00eda de los asistentes se manifestaron a favor de un propuesta superadora y que contemple la realidad de las pymes de todo el pa\u00eds.<\/p>\n<p>\u201cHubo un error desde el principio en cuanto al planteamiento de estos proyectos de ley porque igualan a la Pymes con las grandes empresas y no son lo mismo. Deber\u00edan habernos consultado antes y podr\u00edamos haber generado propuestas superadoras, con medidas de fomento para las pymes que no despidan personal, no al rev\u00e9s\u201d, asegur\u00f3 Ariel Aguilar. \u201cEste proyecto de Ley tiene que frenarse en diputados y recibir modificaciones\u201d, concluy\u00f3.<\/p>\n<p><strong>Algunas de las medidas propuestas para la Ley de emergencia pyme son:<\/strong><\/p>\n<ul>\n<li>Tarifas especiales para los servicios de Luz y Gas (o retrotraer los subsidios a Noviembre de 2015).<\/li>\n<li>Financiamiento para la inversi\u00f3n productiva y el capital de trabajo en el Banco Naci\u00f3n con tasas menores al 20%.<\/li>\n<li>Planes de Pago de AFIP para que las empresas puedan refinancias sus obligaciones impositivas y previsionales a una tasa similar a las aplicadas en los cr\u00e9ditos productivos.<\/li>\n<li>Monitorear y restringir las entradas de productos importados que se fabrican en nuestro pa\u00eds.<\/li>\n<li>Incentivo para que aquellas empresas que no despidan ning\u00fan trabajador puedan descontar del Iva los pagos de Aportes y Contribuciones de Seguridad Social.<\/li>\n<\/ul>\n","protected":false},"excerpt":{"rendered":"<p>&nbsp; Bajo la consigna \u201cNi un empleo menos, ni una pyme menos\u201d, la Confederaci\u00f3n General Empresaria (CGERA) y otras entidades industriales afines se presentaron ante la Comisi\u00f3n Pyme de Diputados para dar a conocer la situaci\u00f3n que est\u00e1n atravesando los diversos sectores. \u201cNecesitamos una ley de Emergencia Laboral, pero tambi\u00e9n una Ley de Emergencia Pyme &#8230;<\/p>\n","protected":false},"author":2,"featured_media":1671,"comment_status":"closed","ping_status":"closed","sticky":false,"template":"","format":"standard","meta":[],"categories":[1],"tags":[101,98,99,66,100],"_links":{"self":[{"href":"https:\/\/www.cge-ra.org\/V16\/wp-json\/wp\/v2\/posts\/1670"}],"collection":[{"href":"https:\/\/www.cge-ra.org\/V16\/wp-json\/wp\/v2\/posts"}],"about":[{"href":"https:\/\/www.cge-ra.org\/V16\/wp-json\/wp\/v2\/types\/post"}],"author":[{"embeddable":true,"href":"https:\/\/www.cge-ra.org\/V16\/wp-json\/wp\/v2\/users\/2"}],"replies":[{"embeddable":true,"href":"https:\/\/www.cge-ra.org\/V16\/wp-json\/wp\/v2\/comments?post=1670"}],"version-history":[{"count":1,"href":"https:\/\/www.cge-ra.org\/V16\/wp-json\/wp\/v2\/posts\/1670\/revisions"}],"predecessor-version":[{"id":1672,"href":"https:\/\/www.cge-ra.org\/V16\/wp-json\/wp\/v2\/posts\/1670\/revisions\/1672"}],"wp:featuredmedia":[{"embeddable":true,"href":"https:\/\/www.cge-ra.org\/V16\/wp-json\/wp\/v2\/media\/1671"}],"wp:attachment":[{"href":"https:\/\/www.cge-ra.org\/V16\/wp-json\/wp\/v2\/media?parent=1670"}],"wp:term":[{"taxonomy":"category","embeddable":true,"href":"https:\/\/www.cge-ra.org\/V16\/wp-json\/wp\/v2\/categories?post=1670"},{"taxonomy":"post_tag","embeddable":true,"href":"https:\/\/www.cge-ra.org\/V16\/wp-json\/wp\/v2\/tags?post=1670"}],"curies":[{"name":"wp","href":"https:\/\/api.w.org\/{rel}","templated":true}]}}