{"id":1678,"date":"2016-05-24T18:52:03","date_gmt":"2016-05-24T18:52:03","guid":{"rendered":"http:\/\/www.cge-ra.org\/V16\/?p=1678"},"modified":"2016-05-24T18:52:03","modified_gmt":"2016-05-24T18:52:03","slug":"entrega-de-certificados-del-programa-de-empleo-independiente","status":"publish","type":"post","link":"https:\/\/www.cge-ra.org\/V16\/entrega-de-certificados-del-programa-de-empleo-independiente\/","title":{"rendered":"ENTREGA DE CERTIFICADOS DEL PROGRAMA DE EMPLEO INDEPENDIENTE"},"content":{"rendered":"<div id='gallery-1' class='gallery galleryid-1678 gallery-columns-1 gallery-size-medium'><figure class='gallery-item'>\n\t\t\t<div class='gallery-icon landscape'>\n\t\t\t\t<a href='https:\/\/www.cge-ra.org\/V16\/wp-content\/uploads\/2016\/05\/IMG_6221.jpg'><img width=\"300\" height=\"200\" src=\"https:\/\/www.cge-ra.org\/V16\/wp-content\/uploads\/2016\/05\/IMG_6221-300x200.jpg\" class=\"attachment-medium size-medium\" alt=\"\" decoding=\"async\" loading=\"lazy\" srcset=\"https:\/\/www.cge-ra.org\/V16\/wp-content\/uploads\/2016\/05\/IMG_6221-300x200.jpg 300w, https:\/\/www.cge-ra.org\/V16\/wp-content\/uploads\/2016\/05\/IMG_6221.jpg 600w\" sizes=\"(max-width: 300px) 100vw, 300px\" \/><\/a>\n\t\t\t<\/div><\/figure><figure class='gallery-item'>\n\t\t\t<div class='gallery-icon landscape'>\n\t\t\t\t<a href='https:\/\/www.cge-ra.org\/V16\/wp-content\/uploads\/2016\/05\/IMG_6228.jpg'><img width=\"300\" height=\"200\" src=\"https:\/\/www.cge-ra.org\/V16\/wp-content\/uploads\/2016\/05\/IMG_6228-300x200.jpg\" class=\"attachment-medium size-medium\" alt=\"\" decoding=\"async\" loading=\"lazy\" srcset=\"https:\/\/www.cge-ra.org\/V16\/wp-content\/uploads\/2016\/05\/IMG_6228-300x200.jpg 300w, https:\/\/www.cge-ra.org\/V16\/wp-content\/uploads\/2016\/05\/IMG_6228.jpg 600w\" sizes=\"(max-width: 300px) 100vw, 300px\" \/><\/a>\n\t\t\t<\/div><\/figure>\n\t\t<\/div>\n\n<p>Alumnos egresados del curso de gesti\u00f3n pyme dirigido a personas que est\u00e1n en proceso de readaptaci\u00f3n social recibieron sus certificados.<\/p>\n<p>CGERA realizo un trabajo en conjunto con el Ministerio de Trabajo, el Ministerio de Justicia y la Direcci\u00f3n Nacional de Readaptaci\u00f3n Social que trabaja con pol\u00edticas p\u00fablicas de inclusi\u00f3n social para personas detenidas, liberadas y grupo familiar.<\/p>\n<p>Los egresados compartieron sus experiencias personales y alentaron a otros compa\u00f1eros a capacitarse y realizar el curso.<\/p>\n<p>Durante la cursada, los alumnos elaboran un proyecto de negocio que luego es presentado en el Ministerio de Trabajo y puesto a prueba por el mismo. Si es aprobado, los alumnos reciben un incentivo por parte del Ministerio para comenzar y desarrollar el emprendimiento. Este a\u00f1o, el monto paso de 25.000 a 37.000 pesos.<\/p>\n<p>Participaron, Guillermo Fabian Siro, Director de los Centro de Formaci\u00f3n Continua CGERA; Mat\u00edas Hugo de Sanctis, Director Nacional de Readaptaci\u00f3n Social; Valeria Kohan y Marisa Vinacour del Ministerio de Trabajo; Natalia Romero de la Oficina de Empleo de CABA y Cecilia Dallacia de la Direcci\u00f3n Nacional de Readaptaci\u00f3n Social.<\/p>\n","protected":false},"excerpt":{"rendered":"<p>Alumnos egresados del curso de gesti\u00f3n pyme dirigido a personas que est\u00e1n en proceso de readaptaci\u00f3n social recibieron sus certificados. CGERA realizo un trabajo en conjunto con el Ministerio de Trabajo, el Ministerio de Justicia y la Direcci\u00f3n Nacional de Readaptaci\u00f3n Social que trabaja con pol\u00edticas p\u00fablicas de inclusi\u00f3n social para personas detenidas, liberadas y &#8230;<\/p>\n","protected":false},"author":2,"featured_media":1680,"comment_status":"closed","ping_status":"closed","sticky":false,"template":"","format":"standard","meta":[],"categories":[6,5,7],"tags":[86,54,106,105],"_links":{"self":[{"href":"https:\/\/www.cge-ra.org\/V16\/wp-json\/wp\/v2\/posts\/1678"}],"collection":[{"href":"https:\/\/www.cge-ra.org\/V16\/wp-json\/wp\/v2\/posts"}],"about":[{"href":"https:\/\/www.cge-ra.org\/V16\/wp-json\/wp\/v2\/types\/post"}],"author":[{"embeddable":true,"href":"https:\/\/www.cge-ra.org\/V16\/wp-json\/wp\/v2\/users\/2"}],"replies":[{"embeddable":true,"href":"https:\/\/www.cge-ra.org\/V16\/wp-json\/wp\/v2\/comments?post=1678"}],"version-history":[{"count":1,"href":"https:\/\/www.cge-ra.org\/V16\/wp-json\/wp\/v2\/posts\/1678\/revisions"}],"predecessor-version":[{"id":1681,"href":"https:\/\/www.cge-ra.org\/V16\/wp-json\/wp\/v2\/posts\/1678\/revisions\/1681"}],"wp:featuredmedia":[{"embeddable":true,"href":"https:\/\/www.cge-ra.org\/V16\/wp-json\/wp\/v2\/media\/1680"}],"wp:attachment":[{"href":"https:\/\/www.cge-ra.org\/V16\/wp-json\/wp\/v2\/media?parent=1678"}],"wp:term":[{"taxonomy":"category","embeddable":true,"href":"https:\/\/www.cge-ra.org\/V16\/wp-json\/wp\/v2\/categories?post=1678"},{"taxonomy":"post_tag","embeddable":true,"href":"https:\/\/www.cge-ra.org\/V16\/wp-json\/wp\/v2\/tags?post=1678"}],"curies":[{"name":"wp","href":"https:\/\/api.w.org\/{rel}","templated":true}]}}