{"id":1683,"date":"2016-06-01T15:48:13","date_gmt":"2016-06-01T15:48:13","guid":{"rendered":"http:\/\/www.cge-ra.org\/V16\/?p=1683"},"modified":"2018-01-09T20:27:00","modified_gmt":"2018-01-09T20:27:00","slug":"francisco-cabrera-realizo-anuncios-en-cgera-ante-mas-de-60-presidentes-de-camaras-pymes-y-federaciones-de-todo-el-pais","status":"publish","type":"post","link":"https:\/\/www.cge-ra.org\/V16\/francisco-cabrera-realizo-anuncios-en-cgera-ante-mas-de-60-presidentes-de-camaras-pymes-y-federaciones-de-todo-el-pais\/","title":{"rendered":"Francisco Cabrera realiz\u00f3 anuncios en CGERA ante m\u00e1s de 60 presidentes de c\u00e1maras pymes y federaciones de todo el pa\u00eds"},"content":{"rendered":"<div id='gallery-1' class='gallery galleryid-1683 gallery-columns-1 gallery-size-medium'><figure class='gallery-item'>\n\t\t\t<div class='gallery-icon landscape'>\n\t\t\t\t<a href='https:\/\/www.cge-ra.org\/V16\/wp-content\/uploads\/2016\/06\/IMG_5527.jpg'><img width=\"300\" height=\"200\" src=\"https:\/\/www.cge-ra.org\/V16\/wp-content\/uploads\/2016\/06\/IMG_5527-300x200.jpg\" class=\"attachment-medium size-medium\" alt=\"\" decoding=\"async\" loading=\"lazy\" srcset=\"https:\/\/www.cge-ra.org\/V16\/wp-content\/uploads\/2016\/06\/IMG_5527-300x200.jpg 300w, https:\/\/www.cge-ra.org\/V16\/wp-content\/uploads\/2016\/06\/IMG_5527.jpg 600w\" sizes=\"(max-width: 300px) 100vw, 300px\" \/><\/a>\n\t\t\t<\/div><\/figure><figure class='gallery-item'>\n\t\t\t<div class='gallery-icon landscape'>\n\t\t\t\t<a href='https:\/\/www.cge-ra.org\/V16\/wp-content\/uploads\/2016\/06\/IMG_6444.jpg'><img width=\"300\" height=\"200\" src=\"https:\/\/www.cge-ra.org\/V16\/wp-content\/uploads\/2016\/06\/IMG_6444-300x200.jpg\" class=\"attachment-medium size-medium\" alt=\"\" decoding=\"async\" loading=\"lazy\" srcset=\"https:\/\/www.cge-ra.org\/V16\/wp-content\/uploads\/2016\/06\/IMG_6444-300x200.jpg 300w, https:\/\/www.cge-ra.org\/V16\/wp-content\/uploads\/2016\/06\/IMG_6444.jpg 600w\" sizes=\"(max-width: 300px) 100vw, 300px\" \/><\/a>\n\t\t\t<\/div><\/figure>\n\t\t<\/div>\n\n<p><strong><em>El Ministro de Producci\u00f3n escuch\u00f3 las preocupaciones y problem\u00e1ticas de los empresarios. Se comprometi\u00f3 a encabezar el proyecto que le \u201ccambie la vida a las pymes en la Argentina\u201d.<\/em><\/strong><\/p>\n<p>El ministro de Producci\u00f3n Francisco Cabrera visit\u00f3 por primera vez la sede central de la Confederaci\u00f3n General Empresaria (CGERA) y expuso sus principales propuestas para el sector, ante un auditorio compuesto por m\u00e1s de 40 sectores industriales pymes, federaciones y parques industriales de todo el pa\u00eds.<\/p>\n<p>Marcelo Fern\u00e1ndez, Presidente de CGERA celebr\u00f3 la primera visita del funcionario a la entidad y manifest\u00f3 que \u201c<em>con hechos como este estamos construyendo canales de di\u00e1logo entre las Pymes y los funcionarios nacionales para poder resolver las principales problem\u00e1ticas de los sectores productivos, que son los que m\u00e1s empleos generan en el pa\u00eds<\/em>\u201d. <em>\u201cEn temas como la Ley Pymes, las entidades tenemos mucho para aportar y para eso vamos a proponer una mesa de trabajo conjunto con otras entidades industriales<\/em>\u201d, complet\u00f3.<\/p>\n<p>Durante su intervenci\u00f3n, el ministro de Producci\u00f3n de la Naci\u00f3n explic\u00f3 los ejes sobre los cuales el gobierno nacional est\u00e1 trabajando para devolver el dinamismo al sector: \u201cel Plan Productivo Nacional tiene que ver con los empresarios porque son uds quienes poseen el capital, la tecnolog\u00eda, los mercados y todo lo que se necesita para producir y generar empleo\u201d, afirm\u00f3 el ministro. \u201c<em>El compromiso nuestro es con las pymes y quiero que el gobierno de Macri sea el gobierno que le cambi\u00f3 la vida a las Pymes en la Argentina<\/em>\u201d, afirm\u00f3.<\/p>\n<p>El ministro agradeci\u00f3 la invitaci\u00f3n y destac\u00f3 que son un gobierno plenamente \u201cabierto al dialogo\u201d. Cabrera estuvo acompa\u00f1ado por el Secretario Pyme, Mariano Mayer y la Subsecretaria Pyme, Carolina Castro.<\/p>\n<p>\u201cNuestro diagn\u00f3stico es que el gran problema de la Argentina es la falta de empleo de calidad y la \u00fanica forma para que se genere empleo es que a las empresas les vaya bien; pero para ello necesitamos tener la capacidad para insertarnos al mundo y encontrar caminos de competitividad\u201d, explic\u00f3. \u201cVamos a promover la<strong> Ley de Integraci\u00f3n Nacional<\/strong> para que las peque\u00f1as industrias se integren a las grandes inversiones en el autopartismo\u201d, afirmo.<\/p>\n<p>Al comienzo de la reuni\u00f3n, el funcionario escuch\u00f3 con mucho inter\u00e9s algunas de las principales preocupaciones y pedidos de los distintos sectores, entre las que se destacaron la necesidad de implementaci\u00f3n de la anunciada pol\u00edtica de <strong>Exportaf\u00e1cil<\/strong>, para dinamizar las exportaciones pymes; la preocupaci\u00f3n por los <strong>aumentos de las importaciones<\/strong>, producto de las autorizaciones masivas de DJAI; la necesidad del monitoreo de las <strong>Licencias No autom\u00e1ticas<\/strong> por parte de las entidads; \u00a0el peligro de la<strong> reprimarizaci\u00f3n<\/strong> de las cadenas de valor; la gran <strong>carga impositiva<\/strong> que sufren las empresas, sobre todo por el sistema actual de <strong>ART<\/strong>; y el gran impacto por la ca\u00edda del consumo y las ventas. Asimismo, todos los sectores coincidieron en <strong>destacar el gran trabajo que ha hecho el gobierno nacional en la Aduana<\/strong>, a la que calificaron como la mejor gesti\u00f3n en la lucha contra el contrabando en a\u00f1os.<\/p>\n<p>En ese sentido, Cabrera consider\u00f3 que \u201cest\u00e1n trabajando para <strong>facilitar las exportaciones<\/strong> y para ello estamos coordinando esfuerzos con <strong>Afip, la Aduana y el BCRA<\/strong> para implementar un sistema r\u00e1pido y eficiente para que todo aquel que quiera exportar, pueda hacerlo\u201d. En cuanto al aumento de\u00a0 tarifas, Cabrera adelant\u00f3 que \u201cen los pr\u00f3ximos d\u00edas realizar\u00e1n <strong>anuncios ante los gobernadores<\/strong> para morigerar el impacto en las industrias con un sistema que llega a disminuciones de hasta el 50%\u201d.<\/p>\n<p>Por su parte, Ra\u00fal Zylbersztein, Secretario General de CGERA se refiri\u00f3 tambi\u00e9n a la problem\u00e1tica del <strong>aumento de las tarifas de los servicios<\/strong> en el sector: \u201c<em>Las tarifas de los servicios p\u00fablicos han subido varias veces su valor, lo que sumado la baja de venta, la suba de los insumos y la limitaci\u00f3n de los planes de pago de la AFIP les han quitado, a las empresas peque\u00f1as y medianas,\u00a0 mucho de su capital de trabajo; llegando a poner en riesgo la continuidad de muchas de ellas<\/em>\u201d. \u201c<em>Hoy la justicia est\u00e1 dando lugar a amparos de empresas que se ven afectadas en sus econom\u00edas por las subas de las tarifas y obligan a retrotraerlas a los valores anteriores. Creemos que no es bueno judicializar decisiones del ejecutivo, y preferimos que nuestros representados utilicen las v\u00edas administrativas y negociadas con quien corresponde<\/em>\u201d, complet\u00f3 Zylbersztein.<\/p>\n<p>En este sentido, Cabrera detall\u00f3 que \u201cpara poder discriminar las tarifas es imprescindible poder dimensionar <strong>la estructura de costos<\/strong> de las empresas y esto no se puede hacer caso por caso, sino que hay que hacerlo por sectores; por ello, necesitamos que nos acerquen propuestas sobre c\u00f3mo impacta en sectores que son electrointensivos o gasintensivos\u201d.<\/p>\n<p>Antes de retirarse, el Secretario General de la entidad le entreg\u00f3 al funcionario un petitorio para que el Gobierno implemente una <strong>Tarifa Social Pyme<\/strong>; que tome en cuenta los consumos promedios del a\u00f1os 2015 del servicio que m\u00e1s se utiliza para su actividad, sea luz o gas, y se aplique una tasa diferenciada; y que todo exceso del mismo sea a los valores reales y actuales. Esto implementado por los futuros 12 meses, y luego un paulatino adecuaci\u00f3n a los valores reales. De esta manera, las empresas podr\u00e1n absorber m\u00e1s gradualmente el impacto de la suba de sus costos y previsionar a futuro el monto que tendr\u00e1n que pagar por los servicios utilizados.<\/p>\n<p>El ministro agradeci\u00f3 las propuestas y se comprometi\u00f3 a seguir trabajando en forma conjunta con todo su equipo.<\/p>\n<p>Participaron de CGERA, Alberto Sellaro, Presidente de CIC; Pedro Bergaglio, Presidente de CAEIS; Ariel Aguilar, Presidente de CIMA; Alberto Ruibal, Presidente de CAS; Marcel Girard, Presidente de CATGRA; Eduardo Wydler, Presidente de CICA; Norberto Fermani, Presidente de CADIOA; Daniel Argentino, Presidente de ACUBA; Juan Carlos Pereyra, Presidente de AIERA; Marco Meloni de Fundaci\u00f3n ProTejer; Andres Capriati, Secretario de CADEFHA; Sandra Rey, Secretaria de Producci\u00f3n de Ituzaing\u00f3; Miguel Calvete, Presidente de la C\u00e1mara de Supermercados Chinos; Marcelo Lentini, Presidente de CAIPIC; Leonardo Christensen, Presidente de CAIFA; Silvia Martinez, Presidenta de la C\u00e1mara Naval; Daniel Moreira, Presidente de Apyme; Martin Rapalini, Presidente del Parque Industrial Ezeiza; Fernando Ruiz Blanco de CAMIMA; Jorge Alberto Cassar\u00e1 de COOPERALA; Marcelo Colanero de CASEL; Mario Elencjaw de CAFFYPSA; Samuel Jajan de UEPER; Marcos Jant\u00f3n, Presidente de FACIF; Horacio Batagliato, Presidente de la C\u00e1mara de Medias; Jos\u00e9 Gombinsky de CAFAICYM; Humberto Borsani, Secretario de Producci\u00f3n de Avellaneda; Roque Primerano, Parque Industrial La Reja; Guillermo Siro, Directivo de CGERA; Cecilia Freire, Directora de Zanella; Enrique Mora de la C\u00e1mara del Distrito Tecnol\u00f3gico de San Mart\u00edn; An\u00edbal Fern\u00e1ndez Janeiro de la Federaci\u00f3n de San Luis; Sebastian Raspa, Presidente de la Federaci\u00f3n de Cooperativas de Trabajo 1\u00b0 de Mayo (Quilmes); entre otros.<\/p>\n","protected":false},"excerpt":{"rendered":"<p>El Ministro de Producci\u00f3n escuch\u00f3 las preocupaciones y problem\u00e1ticas de los empresarios. Se comprometi\u00f3 a encabezar el proyecto que le \u201ccambie la vida a las pymes en la Argentina\u201d. El ministro de Producci\u00f3n Francisco Cabrera visit\u00f3 por primera vez la sede central de la Confederaci\u00f3n General Empresaria (CGERA) y expuso sus principales propuestas para el &#8230;<\/p>\n","protected":false},"author":2,"featured_media":1684,"comment_status":"closed","ping_status":"closed","sticky":false,"template":"","format":"standard","meta":[],"categories":[1],"tags":[107,66,63,108,73],"_links":{"self":[{"href":"https:\/\/www.cge-ra.org\/V16\/wp-json\/wp\/v2\/posts\/1683"}],"collection":[{"href":"https:\/\/www.cge-ra.org\/V16\/wp-json\/wp\/v2\/posts"}],"about":[{"href":"https:\/\/www.cge-ra.org\/V16\/wp-json\/wp\/v2\/types\/post"}],"author":[{"embeddable":true,"href":"https:\/\/www.cge-ra.org\/V16\/wp-json\/wp\/v2\/users\/2"}],"replies":[{"embeddable":true,"href":"https:\/\/www.cge-ra.org\/V16\/wp-json\/wp\/v2\/comments?post=1683"}],"version-history":[{"count":3,"href":"https:\/\/www.cge-ra.org\/V16\/wp-json\/wp\/v2\/posts\/1683\/revisions"}],"predecessor-version":[{"id":1690,"href":"https:\/\/www.cge-ra.org\/V16\/wp-json\/wp\/v2\/posts\/1683\/revisions\/1690"}],"wp:featuredmedia":[{"embeddable":true,"href":"https:\/\/www.cge-ra.org\/V16\/wp-json\/wp\/v2\/media\/1684"}],"wp:attachment":[{"href":"https:\/\/www.cge-ra.org\/V16\/wp-json\/wp\/v2\/media?parent=1683"}],"wp:term":[{"taxonomy":"category","embeddable":true,"href":"https:\/\/www.cge-ra.org\/V16\/wp-json\/wp\/v2\/categories?post=1683"},{"taxonomy":"post_tag","embeddable":true,"href":"https:\/\/www.cge-ra.org\/V16\/wp-json\/wp\/v2\/tags?post=1683"}],"curies":[{"name":"wp","href":"https:\/\/api.w.org\/{rel}","templated":true}]}}