{"id":1706,"date":"2016-08-23T16:43:25","date_gmt":"2016-08-23T16:43:25","guid":{"rendered":"http:\/\/www.cge-ra.org\/V16\/?p=1706"},"modified":"2017-12-19T19:26:43","modified_gmt":"2017-12-19T19:26:43","slug":"empresas-pymes-de-cgera-acudiran-a-la-justicia-por-el-fallo-de-la-corte","status":"publish","type":"post","link":"https:\/\/www.cge-ra.org\/V16\/empresas-pymes-de-cgera-acudiran-a-la-justicia-por-el-fallo-de-la-corte\/","title":{"rendered":"Empresas Pymes de CGERA acudir\u00e1n a la Justicia por el fallo de la Corte"},"content":{"rendered":"<div id='gallery-1' class='gallery galleryid-1706 gallery-columns-1 gallery-size-medium'><figure class='gallery-item'>\n\t\t\t<div class='gallery-icon landscape'>\n\t\t\t\t<a href='https:\/\/www.cge-ra.org\/V16\/wp-content\/uploads\/2016\/08\/pyme-arg.jpg'><img width=\"300\" height=\"200\" src=\"https:\/\/www.cge-ra.org\/V16\/wp-content\/uploads\/2016\/08\/pyme-arg-300x200.jpg\" class=\"attachment-medium size-medium\" alt=\"\" decoding=\"async\" loading=\"lazy\" srcset=\"https:\/\/www.cge-ra.org\/V16\/wp-content\/uploads\/2016\/08\/pyme-arg-300x200.jpg 300w, https:\/\/www.cge-ra.org\/V16\/wp-content\/uploads\/2016\/08\/pyme-arg.jpg 600w\" sizes=\"(max-width: 300px) 100vw, 300px\" \/><\/a>\n\t\t\t<\/div><\/figure>\n\t\t<\/div>\n\n<p><strong><em>M\u00e1s de 60 c\u00e1maras industriales nucleadas en la Confederaci\u00f3n General Empresaria de la Rep\u00fablica Argentina (CGERA) resolvieron presentar un recurso colectivo ante la justicia por el fallo de la Corte que excluy\u00f3 a empresas pymes del freno al tarifazo del gas. Por otra parte, la Instituci\u00f3n colaborar\u00e1 asesorando legalmente a las empresas asociadas que individualmente quieran presentar recursos en forma particular.\u00a0<\/em><\/strong><\/p>\n<p>\u00abLas C\u00e1maras no queremos judicializar estas cuestiones, pero es el camino que nos dej\u00f3 la falta de di\u00e1logo\u00bb, asegur\u00f3 durante su exposici\u00f3n Marcelo Fern\u00e1ndez, presidente de CGERA. \u00abLas empresas necesitamos previsibilidad y certidumbre para poder sostener el empleo y la producci\u00f3n. Estamos viviendo una situaci\u00f3n muy complicada con ca\u00edda de las ventas, aumento en las importaciones y ahora se suma la falta de certezas en las tarifas\u00bb, dijo Fern\u00e1ndez.<\/p>\n<p>La reuni\u00f3n extraordinaria llevada a cabo en la sede de CGERA, cont\u00f3 con la presencia de un prestigioso equipo de abogados encabezados por Carlos Cruz, profesor de la UBA y ex presidente de la Asociaci\u00f3n de Abogados de Buenos Aires; y los doctores Fernando Muriel y Florencia Sinagra especializados en amparos y derechos del consumidor.<\/p>\n<p>\u201cDesde CGERA, en tanto confederaci\u00f3n que representa a c\u00e1maras y confederaciones de todo el pa\u00eds, buscaremos que se revise el criterio que arbitrariamente excluy\u00f3 a las Pymes del fallo\u201d, sostuvo Fernandez. \u201cMuchas empresas pymes no tienen los recursos para llevar adelante este tipo de recursos, por eso desde las C\u00e1maras representaremos los derechos de esos actores sociales vulnerables\u201d, complet\u00f3.<\/p>\n<p>El equipo de abogados estableci\u00f3 las distintas l\u00edneas argumentales que contendr\u00e1 el recurso que se presentar\u00e1 en los pr\u00f3ximos d\u00edas y aclar\u00f3 que \u201cla presentaci\u00f3n colectiva no invalidar\u00e1 las presentaciones individuales las empresas podr\u00e1n presentar paralelamente\u201d.<\/p>\n<p>\u00abTodav\u00eda apostamos al di\u00e1logo para encontrar una salida y para que esto no vuelva a repetirse con los aumentos en las tarifas de la luz\u00bb, manifest\u00f3 el Titular de la CGERA.<\/p>\n<p>Los sectores que representa CGERA son: Manufacturas del Cuero, Indumentaria, Curtiembres, Exportadores pymes, de la Carne, Electr\u00f3nicos, Radiodifusores, \u00d3pticos, Engordadores de Hacienda, Fabricantes de Tintas Gr\u00e1ficas, Metal\u00fargicos, Insumos textiles, del Juguete, Industria del Calzado, Herrajes, Productores Art\u00edsticos y Culturales, Seguridad, Construcci\u00f3n, Empresas Procesadoras Av\u00edcolas, Laboratorios, Farmacias, Textiles, Autopartes Pyme, Panaderil, Ferroviarios, aires acondicionados, entre otros.<\/p>\n","protected":false},"excerpt":{"rendered":"<p>M\u00e1s de 60 c\u00e1maras industriales nucleadas en la Confederaci\u00f3n General Empresaria de la Rep\u00fablica Argentina (CGERA) resolvieron presentar un recurso colectivo ante la justicia por el fallo de la Corte que excluy\u00f3 a empresas pymes del freno al tarifazo del gas. Por otra parte, la Instituci\u00f3n colaborar\u00e1 asesorando legalmente a las empresas asociadas que individualmente &#8230;<\/p>\n","protected":false},"author":2,"featured_media":1707,"comment_status":"closed","ping_status":"closed","sticky":false,"template":"","format":"standard","meta":[],"categories":[1],"tags":[117,114,116,115],"_links":{"self":[{"href":"https:\/\/www.cge-ra.org\/V16\/wp-json\/wp\/v2\/posts\/1706"}],"collection":[{"href":"https:\/\/www.cge-ra.org\/V16\/wp-json\/wp\/v2\/posts"}],"about":[{"href":"https:\/\/www.cge-ra.org\/V16\/wp-json\/wp\/v2\/types\/post"}],"author":[{"embeddable":true,"href":"https:\/\/www.cge-ra.org\/V16\/wp-json\/wp\/v2\/users\/2"}],"replies":[{"embeddable":true,"href":"https:\/\/www.cge-ra.org\/V16\/wp-json\/wp\/v2\/comments?post=1706"}],"version-history":[{"count":2,"href":"https:\/\/www.cge-ra.org\/V16\/wp-json\/wp\/v2\/posts\/1706\/revisions"}],"predecessor-version":[{"id":1709,"href":"https:\/\/www.cge-ra.org\/V16\/wp-json\/wp\/v2\/posts\/1706\/revisions\/1709"}],"wp:featuredmedia":[{"embeddable":true,"href":"https:\/\/www.cge-ra.org\/V16\/wp-json\/wp\/v2\/media\/1707"}],"wp:attachment":[{"href":"https:\/\/www.cge-ra.org\/V16\/wp-json\/wp\/v2\/media?parent=1706"}],"wp:term":[{"taxonomy":"category","embeddable":true,"href":"https:\/\/www.cge-ra.org\/V16\/wp-json\/wp\/v2\/categories?post=1706"},{"taxonomy":"post_tag","embeddable":true,"href":"https:\/\/www.cge-ra.org\/V16\/wp-json\/wp\/v2\/tags?post=1706"}],"curies":[{"name":"wp","href":"https:\/\/api.w.org\/{rel}","templated":true}]}}