{"id":1714,"date":"2016-09-08T15:15:10","date_gmt":"2016-09-08T15:15:10","guid":{"rendered":"http:\/\/www.cge-ra.org\/V16\/?p=1714"},"modified":"2017-12-19T19:25:25","modified_gmt":"2017-12-19T19:25:25","slug":"el-nuevo-esquema-tarifario-no-incluye-a-las-pymes","status":"publish","type":"post","link":"https:\/\/www.cge-ra.org\/V16\/el-nuevo-esquema-tarifario-no-incluye-a-las-pymes\/","title":{"rendered":"El nuevo esquema tarifario no incluye a las pymes"},"content":{"rendered":"<div id='gallery-1' class='gallery galleryid-1714 gallery-columns-1 gallery-size-medium'><figure class='gallery-item'>\n\t\t\t<div class='gallery-icon landscape'>\n\t\t\t\t<a href='https:\/\/www.cge-ra.org\/V16\/wp-content\/uploads\/2016\/09\/IMG_5547.jpg'><img width=\"300\" height=\"200\" src=\"https:\/\/www.cge-ra.org\/V16\/wp-content\/uploads\/2016\/09\/IMG_5547-300x200.jpg\" class=\"attachment-medium size-medium\" alt=\"\" decoding=\"async\" loading=\"lazy\" srcset=\"https:\/\/www.cge-ra.org\/V16\/wp-content\/uploads\/2016\/09\/IMG_5547-300x200.jpg 300w, https:\/\/www.cge-ra.org\/V16\/wp-content\/uploads\/2016\/09\/IMG_5547.jpg 600w\" sizes=\"(max-width: 300px) 100vw, 300px\" \/><\/a>\n\t\t\t<\/div><\/figure>\n\t\t<\/div>\n\n<p><em>CGERA particip\u00f3 del encuentro que encabezaron el Ministro de Energ\u00eda y Miner\u00eda, Juan Jos\u00e9 Aranguren; el Ministro de Producci\u00f3n, Francisco Cabrera; y el Coordinador del Equipo Econ\u00f3mico, Gustavo Lopetegui para anunciar el nuevo esquema tarifario que se analizar\u00e1 en la audiencia p\u00fablica citada para el pr\u00f3ximo viernes 16 de septiembre.<\/em><\/p>\n<p>Ra\u00fal Zylbersztein, Secretario General de CGERA, inform\u00f3 que la presentaci\u00f3n del nuevo cuadro tarifario \u201cno cubri\u00f3 las expectativas de los representantes de la pymes\u201d ya que el titular de la cartera de energ\u00eda solamente expuso sobre la tarifa residencial y en lo que respecta a las peque\u00f1as y medianas empresas regir\u00e1 el \u201cdecreto que establece un tope del 500%\u201d ya que el gobierno \u201cse ajustar\u00e1\u00a0 \u00fanicamente a los establecido por el fallo de la Corte Suprema de Justicia\u201d.<\/p>\n<p>Zylbersztein detall\u00f3 que \u201cel funcionario nacional reconoci\u00f3 que no tienen ning\u00fan proyecto diferencial para las pymes y que reci\u00e9n escuchar\u00e1n las propuestas en la audiencia p\u00fablica\u201d. Adem\u00e1s, dijo que el Ministro Francisco Cabrera afirm\u00f3 que \u201cla energ\u00eda no es una cuesti\u00f3n que afecte la competitividad de la pyme\u201d.<\/p>\n<p>Finalmente, Zylbersztein se\u00f1al\u00f3 que \u201clas industrias nacionales, en especial las pymes, tendr\u00e1n mucha dificultades para competir pagando la energ\u00eda m\u00e1s cara del mundo\u201d y sostuvo que desde CGERA se intentar\u00e1 conseguir \u201cuna tarifa diferencial para aquellas empresas en que la energ\u00eda signifique un alto impacto en sus costos\u201d.<\/p>\n<p>Formaron parte de la reuni\u00f3n entidades empresarias, empresas productoras, transportistas y distribuidoras de gas.<\/p>\n","protected":false},"excerpt":{"rendered":"<p>CGERA particip\u00f3 del encuentro que encabezaron el Ministro de Energ\u00eda y Miner\u00eda, Juan Jos\u00e9 Aranguren; el Ministro de Producci\u00f3n, Francisco Cabrera; y el Coordinador del Equipo Econ\u00f3mico, Gustavo Lopetegui para anunciar el nuevo esquema tarifario que se analizar\u00e1 en la audiencia p\u00fablica citada para el pr\u00f3ximo viernes 16 de septiembre. Ra\u00fal Zylbersztein, Secretario General de &#8230;<\/p>\n","protected":false},"author":2,"featured_media":1715,"comment_status":"closed","ping_status":"closed","sticky":false,"template":"","format":"standard","meta":[],"categories":[1],"tags":[116,50,118],"_links":{"self":[{"href":"https:\/\/www.cge-ra.org\/V16\/wp-json\/wp\/v2\/posts\/1714"}],"collection":[{"href":"https:\/\/www.cge-ra.org\/V16\/wp-json\/wp\/v2\/posts"}],"about":[{"href":"https:\/\/www.cge-ra.org\/V16\/wp-json\/wp\/v2\/types\/post"}],"author":[{"embeddable":true,"href":"https:\/\/www.cge-ra.org\/V16\/wp-json\/wp\/v2\/users\/2"}],"replies":[{"embeddable":true,"href":"https:\/\/www.cge-ra.org\/V16\/wp-json\/wp\/v2\/comments?post=1714"}],"version-history":[{"count":2,"href":"https:\/\/www.cge-ra.org\/V16\/wp-json\/wp\/v2\/posts\/1714\/revisions"}],"predecessor-version":[{"id":1717,"href":"https:\/\/www.cge-ra.org\/V16\/wp-json\/wp\/v2\/posts\/1714\/revisions\/1717"}],"wp:featuredmedia":[{"embeddable":true,"href":"https:\/\/www.cge-ra.org\/V16\/wp-json\/wp\/v2\/media\/1715"}],"wp:attachment":[{"href":"https:\/\/www.cge-ra.org\/V16\/wp-json\/wp\/v2\/media?parent=1714"}],"wp:term":[{"taxonomy":"category","embeddable":true,"href":"https:\/\/www.cge-ra.org\/V16\/wp-json\/wp\/v2\/categories?post=1714"},{"taxonomy":"post_tag","embeddable":true,"href":"https:\/\/www.cge-ra.org\/V16\/wp-json\/wp\/v2\/tags?post=1714"}],"curies":[{"name":"wp","href":"https:\/\/api.w.org\/{rel}","templated":true}]}}