{"id":1718,"date":"2016-09-08T20:06:34","date_gmt":"2016-09-08T20:06:34","guid":{"rendered":"http:\/\/www.cge-ra.org\/V16\/?p=1718"},"modified":"2017-12-19T19:24:27","modified_gmt":"2017-12-19T19:24:27","slug":"cgera-firmo-convenio-con-la-municipalidad-de-moreno","status":"publish","type":"post","link":"https:\/\/www.cge-ra.org\/V16\/cgera-firmo-convenio-con-la-municipalidad-de-moreno\/","title":{"rendered":"CGERA firm\u00f3 convenio con la Municipalidad de Moreno"},"content":{"rendered":"<div id='gallery-1' class='gallery galleryid-1718 gallery-columns-1 gallery-size-medium'><figure class='gallery-item'>\n\t\t\t<div class='gallery-icon landscape'>\n\t\t\t\t<a href='https:\/\/www.cge-ra.org\/V16\/wp-content\/uploads\/2016\/09\/DSC_8549.jpg'><img width=\"300\" height=\"200\" src=\"https:\/\/www.cge-ra.org\/V16\/wp-content\/uploads\/2016\/09\/DSC_8549-300x200.jpg\" class=\"attachment-medium size-medium\" alt=\"\" decoding=\"async\" loading=\"lazy\" srcset=\"https:\/\/www.cge-ra.org\/V16\/wp-content\/uploads\/2016\/09\/DSC_8549-300x200.jpg 300w, https:\/\/www.cge-ra.org\/V16\/wp-content\/uploads\/2016\/09\/DSC_8549.jpg 600w\" sizes=\"(max-width: 300px) 100vw, 300px\" \/><\/a>\n\t\t\t<\/div><\/figure><figure class='gallery-item'>\n\t\t\t<div class='gallery-icon landscape'>\n\t\t\t\t<a href='https:\/\/www.cge-ra.org\/V16\/wp-content\/uploads\/2016\/09\/DSC_8574.jpg'><img width=\"300\" height=\"200\" src=\"https:\/\/www.cge-ra.org\/V16\/wp-content\/uploads\/2016\/09\/DSC_8574-300x200.jpg\" class=\"attachment-medium size-medium\" alt=\"\" decoding=\"async\" loading=\"lazy\" srcset=\"https:\/\/www.cge-ra.org\/V16\/wp-content\/uploads\/2016\/09\/DSC_8574-300x200.jpg 300w, https:\/\/www.cge-ra.org\/V16\/wp-content\/uploads\/2016\/09\/DSC_8574.jpg 600w\" sizes=\"(max-width: 300px) 100vw, 300px\" \/><\/a>\n\t\t\t<\/div><\/figure>\n\t\t<\/div>\n\n<p>La Confederaci\u00f3n General Empresaria de la Rep\u00fablica Argentina durante los festejos por el d\u00eda de la industria en la Sede del Parque Industrial La Reja realiz\u00f3 la firma de un convenio de colaboraci\u00f3n con la Municipalidad de Moreno.<\/p>\n<p>Participaron el Intendente de Moreno, Walter Festa; el Director de los Centros de Formaci\u00f3n Continua CGERA, Guillermo Siro; el Presidente de la C\u00e1mara de Parques Industriales, Roque Primerano; el Vicepresidente de UIPBA, Leonardo Rial; la Secretaria de Desarrollo Econ\u00f3mico Municipal, Jesica Di Batista; entre otros funcionarios municipales, c\u00e1maras empresarias de la regi\u00f3n e industriales.<\/p>\n<p>La CGERA, a trav\u00e9s de su red de centros de formaci\u00f3n profesional en conjunto con Ministerio de Trabajo, comenzar\u00e1n a dictar cursos de Confecci\u00f3n Textil, Gesti\u00f3n pymes, Ventas y Atenci\u00f3n al Cliente. Esto permite promover el empleo regional, la competitividad de las pymes y la inclusi\u00f3n a trav\u00e9s del trabajo.<\/p>\n<p>Guillermo Siro sostuvo frente a los empresarios que \u201cdesde CGERA continuamos trabajando en pos de la defensa del empleo, la producci\u00f3n y la promoci\u00f3n del empleo a lo largo y a lo ancho del pa\u00eds\u201d y adem\u00e1s, manifest\u00f3 la importancia de moreno como distrito industrial.<\/p>\n","protected":false},"excerpt":{"rendered":"<p>La Confederaci\u00f3n General Empresaria de la Rep\u00fablica Argentina durante los festejos por el d\u00eda de la industria en la Sede del Parque Industrial La Reja realiz\u00f3 la firma de un convenio de colaboraci\u00f3n con la Municipalidad de Moreno. Participaron el Intendente de Moreno, Walter Festa; el Director de los Centros de Formaci\u00f3n Continua CGERA, Guillermo &#8230;<\/p>\n","protected":false},"author":2,"featured_media":1719,"comment_status":"closed","ping_status":"closed","sticky":false,"template":"","format":"standard","meta":[],"categories":[1],"tags":[],"_links":{"self":[{"href":"https:\/\/www.cge-ra.org\/V16\/wp-json\/wp\/v2\/posts\/1718"}],"collection":[{"href":"https:\/\/www.cge-ra.org\/V16\/wp-json\/wp\/v2\/posts"}],"about":[{"href":"https:\/\/www.cge-ra.org\/V16\/wp-json\/wp\/v2\/types\/post"}],"author":[{"embeddable":true,"href":"https:\/\/www.cge-ra.org\/V16\/wp-json\/wp\/v2\/users\/2"}],"replies":[{"embeddable":true,"href":"https:\/\/www.cge-ra.org\/V16\/wp-json\/wp\/v2\/comments?post=1718"}],"version-history":[{"count":1,"href":"https:\/\/www.cge-ra.org\/V16\/wp-json\/wp\/v2\/posts\/1718\/revisions"}],"predecessor-version":[{"id":1721,"href":"https:\/\/www.cge-ra.org\/V16\/wp-json\/wp\/v2\/posts\/1718\/revisions\/1721"}],"wp:featuredmedia":[{"embeddable":true,"href":"https:\/\/www.cge-ra.org\/V16\/wp-json\/wp\/v2\/media\/1719"}],"wp:attachment":[{"href":"https:\/\/www.cge-ra.org\/V16\/wp-json\/wp\/v2\/media?parent=1718"}],"wp:term":[{"taxonomy":"category","embeddable":true,"href":"https:\/\/www.cge-ra.org\/V16\/wp-json\/wp\/v2\/categories?post=1718"},{"taxonomy":"post_tag","embeddable":true,"href":"https:\/\/www.cge-ra.org\/V16\/wp-json\/wp\/v2\/tags?post=1718"}],"curies":[{"name":"wp","href":"https:\/\/api.w.org\/{rel}","templated":true}]}}