{"id":1724,"date":"2016-09-30T18:20:52","date_gmt":"2016-09-30T18:20:52","guid":{"rendered":"http:\/\/www.cge-ra.org\/V16\/?p=1724"},"modified":"2017-12-19T19:19:04","modified_gmt":"2017-12-19T19:19:04","slug":"cgera-inauguro-su-nueva-delegacion-tres-de-febrero","status":"publish","type":"post","link":"https:\/\/www.cge-ra.org\/V16\/cgera-inauguro-su-nueva-delegacion-tres-de-febrero\/","title":{"rendered":"CGERA inaugur\u00f3 su nueva delegaci\u00f3n Tres de Febrero"},"content":{"rendered":"<div id='gallery-1' class='gallery galleryid-1724 gallery-columns-1 gallery-size-medium'><figure class='gallery-item'>\n\t\t\t<div class='gallery-icon landscape'>\n\t\t\t\t<a href='https:\/\/www.cge-ra.org\/V16\/wp-content\/uploads\/2016\/09\/IMG_7606.jpg'><img width=\"300\" height=\"200\" src=\"https:\/\/www.cge-ra.org\/V16\/wp-content\/uploads\/2016\/09\/IMG_7606-300x200.jpg\" class=\"attachment-medium size-medium\" alt=\"\" decoding=\"async\" loading=\"lazy\" srcset=\"https:\/\/www.cge-ra.org\/V16\/wp-content\/uploads\/2016\/09\/IMG_7606-300x200.jpg 300w, https:\/\/www.cge-ra.org\/V16\/wp-content\/uploads\/2016\/09\/IMG_7606.jpg 600w\" sizes=\"(max-width: 300px) 100vw, 300px\" \/><\/a>\n\t\t\t<\/div><\/figure>\n\t\t<\/div>\n\n<p><strong><em>Ayer por la noche, la Confederaci\u00f3n General Empresaria de la Rep\u00fablica Argentina (CGERA) inaugur\u00f3 su nueva Delegaci\u00f3n Tres de Febrero, en la sede del Sindicato Obrero de la Industria del Vidrio y Afines (SOIVA) en la localidad de Caseros.<\/em><\/strong><\/p>\n<p>El evento cont\u00f3 con la participaci\u00f3n de Marcelo Fern\u00e1ndez, presidente de CGERA; Aldo Lo Russo, pro tesorero de la entidad y secretario general de la C\u00e1mara de la Peque\u00f1a y Mediana Industria Metal\u00fargica (CAMIMA); Andr\u00e9s Capriati, secretario de la C\u00e1mara Argentina de Fabricantes de Herrajes y Afines (CADEFHA); y el diputado Provincial del Frente Para la Victoria, Juan Agust\u00edn Debandi entre otros referentes pol\u00edticos y empresarios de la zona.<\/p>\n<p>\u201cCon esta nueva Delegaci\u00f3n comenzaremos a recorrer un largo camino para lograr construir el di\u00e1logo necesario con el poder pol\u00edtico local. Hoy las empresas argentinas tienen todas las variables en contra; por ello tenemos que explicarles a las autoridades de todos los niveles las necesidades de las Pymes y sus trabajadores para encontrar las soluciones adecuadas\u201d, se\u00f1al\u00f3 Marcelo Fern\u00e1ndez.<\/p>\n<p>Por su parte, Aldo Lo Russo remarc\u00f3 que \u201cel desaf\u00edo que se nos presenta es transformarnos en interlocutores para trabajar fuerte en el distrito\u201d. \u201cTenemos que continuar con la construcci\u00f3n horizontal que plantea la CGERA a nivel nacional y trabajar con todos los actores del sector productivo de nuestra regi\u00f3n que necesitan ser escuchados\u201d, agreg\u00f3.<\/p>\n<p>Por \u00faltimo, Andr\u00e9s Capriati destac\u00f3 que las \u201cCGERA tiene propuestas concretas para que las pymes puedan crecer, vincul\u00e1ndose con todos los sectores\u201d. \u201cMuchas de nuestras empresas han invertido en estos a\u00f1os y, por ello, debemos defender ese esfuerzo y potenciarlo. Los invito a trabajar codo a codo para lograr que las pymes argentinas puedan ser competitivas y retomen la senda del crecimiento\u201d, concluy\u00f3 Andr\u00e9s Capriati.<\/p>\n<p>El objetivo de la nueva Delegaci\u00f3n ser\u00e1 concentrar la participaci\u00f3n y consultas de las empresas industriales, el comercio y los servicios del partido Tres de Febrero. En tal sentido, la misi\u00f3n ser\u00e1 representar los intereses de la mayor cantidad de voces de los sectores productivos.<\/p>\n","protected":false},"excerpt":{"rendered":"<p>Ayer por la noche, la Confederaci\u00f3n General Empresaria de la Rep\u00fablica Argentina (CGERA) inaugur\u00f3 su nueva Delegaci\u00f3n Tres de Febrero, en la sede del Sindicato Obrero de la Industria del Vidrio y Afines (SOIVA) en la localidad de Caseros. El evento cont\u00f3 con la participaci\u00f3n de Marcelo Fern\u00e1ndez, presidente de CGERA; Aldo Lo Russo, pro &#8230;<\/p>\n","protected":false},"author":2,"featured_media":1725,"comment_status":"closed","ping_status":"closed","sticky":false,"template":"","format":"standard","meta":[],"categories":[1],"tags":[50,119],"_links":{"self":[{"href":"https:\/\/www.cge-ra.org\/V16\/wp-json\/wp\/v2\/posts\/1724"}],"collection":[{"href":"https:\/\/www.cge-ra.org\/V16\/wp-json\/wp\/v2\/posts"}],"about":[{"href":"https:\/\/www.cge-ra.org\/V16\/wp-json\/wp\/v2\/types\/post"}],"author":[{"embeddable":true,"href":"https:\/\/www.cge-ra.org\/V16\/wp-json\/wp\/v2\/users\/2"}],"replies":[{"embeddable":true,"href":"https:\/\/www.cge-ra.org\/V16\/wp-json\/wp\/v2\/comments?post=1724"}],"version-history":[{"count":1,"href":"https:\/\/www.cge-ra.org\/V16\/wp-json\/wp\/v2\/posts\/1724\/revisions"}],"predecessor-version":[{"id":1726,"href":"https:\/\/www.cge-ra.org\/V16\/wp-json\/wp\/v2\/posts\/1724\/revisions\/1726"}],"wp:featuredmedia":[{"embeddable":true,"href":"https:\/\/www.cge-ra.org\/V16\/wp-json\/wp\/v2\/media\/1725"}],"wp:attachment":[{"href":"https:\/\/www.cge-ra.org\/V16\/wp-json\/wp\/v2\/media?parent=1724"}],"wp:term":[{"taxonomy":"category","embeddable":true,"href":"https:\/\/www.cge-ra.org\/V16\/wp-json\/wp\/v2\/categories?post=1724"},{"taxonomy":"post_tag","embeddable":true,"href":"https:\/\/www.cge-ra.org\/V16\/wp-json\/wp\/v2\/tags?post=1724"}],"curies":[{"name":"wp","href":"https:\/\/api.w.org\/{rel}","templated":true}]}}