{"id":18,"date":"2015-04-06T21:32:36","date_gmt":"2015-04-06T21:32:36","guid":{"rendered":"http:\/\/www.cge-ra.org\/2015\/?p=18"},"modified":"2018-01-09T20:33:18","modified_gmt":"2018-01-09T20:33:18","slug":"cgera-se-reunio-con-el-banco-central","status":"publish","type":"post","link":"https:\/\/www.cge-ra.org\/V16\/cgera-se-reunio-con-el-banco-central\/","title":{"rendered":"CGERA se reuni\u00f3 con el Banco Central"},"content":{"rendered":"<div id='gallery-1' class='gallery galleryid-18 gallery-columns-1 gallery-size-medium'><figure class='gallery-item'>\n\t\t\t<div class='gallery-icon landscape'>\n\t\t\t\t<a href='https:\/\/www.cge-ra.org\/V16\/wp-content\/uploads\/2015\/04\/16778996445_8e3a728f89_k.jpg'><img width=\"300\" height=\"200\" src=\"https:\/\/www.cge-ra.org\/V16\/wp-content\/uploads\/2015\/04\/16778996445_8e3a728f89_k-300x200.jpg\" class=\"attachment-medium size-medium\" alt=\"\" decoding=\"async\" loading=\"lazy\" aria-describedby=\"gallery-1-1267\" srcset=\"https:\/\/www.cge-ra.org\/V16\/wp-content\/uploads\/2015\/04\/16778996445_8e3a728f89_k-300x200.jpg 300w, https:\/\/www.cge-ra.org\/V16\/wp-content\/uploads\/2015\/04\/16778996445_8e3a728f89_k.jpg 600w\" sizes=\"(max-width: 300px) 100vw, 300px\" \/><\/a>\n\t\t\t<\/div>\n\t\t\t\t<figcaption class='wp-caption-text gallery-caption' id='gallery-1-1267'>\n\t\t\t\tMarcelo Fern\u00e1ndez junto a Alejandro Vanoli form\u00f3 parte de la mesa central\n\t\t\t\t<\/figcaption><\/figure><figure class='gallery-item'>\n\t\t\t<div class='gallery-icon landscape'>\n\t\t\t\t<a href='https:\/\/www.cge-ra.org\/V16\/wp-content\/uploads\/2015\/04\/16159073313_65165262ed_k_600x400.jpg'><img width=\"300\" height=\"200\" src=\"https:\/\/www.cge-ra.org\/V16\/wp-content\/uploads\/2015\/04\/16159073313_65165262ed_k_600x400-300x200.jpg\" class=\"attachment-medium size-medium\" alt=\"\" decoding=\"async\" loading=\"lazy\" aria-describedby=\"gallery-1-1269\" srcset=\"https:\/\/www.cge-ra.org\/V16\/wp-content\/uploads\/2015\/04\/16159073313_65165262ed_k_600x400-300x200.jpg 300w, https:\/\/www.cge-ra.org\/V16\/wp-content\/uploads\/2015\/04\/16159073313_65165262ed_k_600x400.jpg 600w\" sizes=\"(max-width: 300px) 100vw, 300px\" \/><\/a>\n\t\t\t<\/div>\n\t\t\t\t<figcaption class='wp-caption-text gallery-caption' id='gallery-1-1269'>\n\t\t\t\tMesa de 50 empresarios y banqueros\n\t\t\t\t<\/figcaption><\/figure>\n\t\t<\/div>\n\n<p>En una reuni\u00f3n convocada el d\u00eda 10 de marzo a las 16.30 hs. por el presidente del Banco Central de la Rep\u00fablica Argentina, Alejandro Vanoli, autoridades de la Confederaci\u00f3n General Empresaria (CGERA) celebraron la orientaci\u00f3n del cr\u00e9dito a las pymes pero solicitaron a\u00fan m\u00e1s segmentaci\u00f3n. Adem\u00e1s pidieron \u201cque los plazos para el giro de divisas al exterior para la importaci\u00f3n de bienes se contabilice desde el embarque de la mercader\u00eda y no desde el plazo del pago de la se\u00f1a al exterior, ya que quedan presos de los tiempos de fabricaci\u00f3n de afuera y muchas veces esto recae en pagos de multas que afectan gravemente a las pymes\u201d manifest\u00f3 el presidente de la CGERA, Marcelo Fern\u00e1ndez.<\/p>\n<p>Fern\u00e1ndez dijo que \u201caprovechando que est\u00e1n los bancos deber\u00edamos ser agresivos este a\u00f1o que es electoral para apoyar a aquellos que vayan a sustituir importaciones para frenar la salida de divisas\u201d. \u201cQue podamos adquirir bienes de capital los que queremos sustituir importaciones y as\u00ed adquirir equipamiento necesarios para ser competitivos porque no sabemos qu\u00e9 pol\u00edticas van a venir\u201d dijo el presidente de la CGERA.<\/p>\n<p>Fern\u00e1ndez fue uno de los empresarios que form\u00f3 parte de la cabecera de una mesa de 50 empresarios y funcionarios de bancos p\u00fablicos.<\/p>\n<p>Los dem\u00e1s integrantes de la cabecera fueron Ricardo Khayat, Vicepresidente Pyme de la UIA; Daniel Moreira de Apyme; Jorge Rodr\u00edguez del Banco Central; Dusecich del Banco Naci\u00f3n; Carlos Heller del Credicoop; y el mencionado Fern\u00e1ndez de la CGERA.<\/p>\n<p>Acompa\u00f1aron a Fern\u00e1ndez los directivos de la CGERA Ra\u00fal Zylbersztein, Guillermo Siro, Marcelo Girard, Aldo Lo Russo y Juan Carlos Lopez.<\/p>\n<p>\u201cEl objetivo es que las peque\u00f1as y medianas empresas sean adecuadamente abastecidas en t\u00e9rminos de cr\u00e9dito\u201d expres\u00f3 al abrir la reuni\u00f3n el presidente del Central.<\/p>\n<p>\u201cNo queremos tener los problemas que hagan a que la l\u00ednea no se cumpla\u201d dijo, en referencia a la extensi\u00f3n de la \u201cL\u00ednea de Cr\u00e9ditos Para la Inversi\u00f3n Productiva con un criterio de federalizaci\u00f3n\u201d en la cual \u201cLos bancos deber\u00e1n destinar en este tramo un 6,50% de sus dep\u00f3sitos\u201d. \u201cEl monto total a colocar en el primer semestre de 2015 ser\u00e1 de 37,4 mil millones de pesos\u201d inform\u00f3 el Central a fin de a\u00f1o y \u201cla tasa m\u00e1xima se reduce de 19,5% a 19 por ciento\u201d declar\u00f3 en ese momento.<\/p>\n<p>\u201cNo es una reuni\u00f3n para echarnos las culpas sino para encontrar soluciones entre todos y que veamos las cuestiones de la oferta o la demanda o cuestiones t\u00e9cnicas de la l\u00ednea espec\u00edficamente que nos ayuden a cumplir el objetivo\u201d dijo.<\/p>\n<p>\u201cLa idea es ir con tiempo monitoreando este tema con di\u00e1logo entre las partes\u201d. Inform\u00f3 adem\u00e1s que con la banca privada se reunir\u00e1 en los pr\u00f3ximos d\u00edas por aparte.<\/p>\n<p>El titular del Credicoop, Carlos Heller, pas\u00f3 revista a los logros obtenidos por el programa de cr\u00e9ditos productivos desde su implementaci\u00f3n en 2012 que, dijo, \u00abpermiti\u00f3 pasar de una relaci\u00f3n del 80% de pr\u00e9stamos para las grandes y un 20% para las peque\u00f1as y medianas al actual de 55% y 45%, respectivamente\u00bb.<\/p>\n<p>Esto no lo define el mercado sino el regulador, si lo define el mercado tenemos la distribuci\u00f3n que ten\u00edamos antes y esa vocaci\u00f3n la tenemos los que estamos ac\u00e1 pero no creo que sea compartida por el conjunto del sistema\u201d dijo Heller.<\/p>\n<p>\u201cLas tasas m\u00e1ximas por ejemplo es algo resistido, pero el sistema est\u00e1 preparado para poderlo soportar por lo que indican los n\u00fameros globales del sistema, y esto es una pol\u00edtica que deber\u00eda sostenerse y seguir orientando el cr\u00e9dito a las Pymes lo que se logra solo con regulaci\u00f3n\u201d.<\/p>\n<p>Solicit\u00f3 incorporar el descuento de facturas de entes p\u00fablicos como un instrumento m\u00e1s e incluir financiaciones con hasta 90 o 120 d\u00edas de retroactividad. Heller propuso que se incluyan inversiones realizadas hasta 120 d\u00edas antes de la posibilidad del cr\u00e9dito.<\/p>\n<p>\u201cPara nosotros la l\u00ednea es un \u00e9xito nosotros nos hemos pasado del cupo porque ofertamos m\u00e1s que el cupo\u201d (lo compensan luego en el siguiente semestre) y defendi\u00f3 la orientaci\u00f3n a la inversi\u00f3n productiva.<\/p>\n<p>Por su parte, Ra\u00fal Zylbersztein, Secretario de CGERA, refut\u00f3 la aseveraci\u00f3n de Heller cuando explic\u00f3 que el salto porcentual no se dio porque cambio el sujeto de cr\u00e9dito, sino porque se duplic\u00f3 el monto de facturaci\u00f3n para categorizarla como pyme, por lo que quienes no eran pymes antes pasaron a serlo. Es por eso que la CGERA insiste en la segmentaci\u00f3n de las pymes, dada sus niveles de facturaci\u00f3n y su relaci\u00f3n con los salarios pagados.<\/p>\n<p>Adem\u00e1s Zylbersztein habl\u00f3 de la necesidad de que \u201csea m\u00e1s amigable el acceso a las Pymes que brindan los bancos, nos dicen que estamos flojos de papeles pero nuestros trabajadores van a los bancos con nuestros recibos de sueldo y salen con un cr\u00e9dito al instante gracias a nuestra firma que lo respalda\u201d.<\/p>\n<p>Otro planteo fue que todos los programas est\u00e1n basado en un alto porcentaje en bienes de capital, y uno muy bajo en capital de trabajo, siendo que es contraria la necesidad en las pymes, por ser mano de obra intensiva.<\/p>\n<p>El Gerente General del Banco Naci\u00f3n inform\u00f3 que 1.000 millones mensuales se destinan a esta l\u00ednea en este sistema \u201cy apuntamos ir por m\u00e1s\u201d.<\/p>\n<p>Las reuniones se reiterar\u00e1n a fin de cumplir con los objetivos de la l\u00ednea de financiamiento.<\/p>\n","protected":false},"excerpt":{"rendered":"<p>Desde la entidad, se solicit\u00f3 a Vanoli m\u00e1s segmentaci\u00f3n del universo pyme y pidi\u00f3 orientar el cr\u00e9dito a quienes sustituyen importaciones.<\/p>\n","protected":false},"author":1,"featured_media":19,"comment_status":"closed","ping_status":"closed","sticky":false,"template":"","format":"standard","meta":[],"categories":[1],"tags":[],"_links":{"self":[{"href":"https:\/\/www.cge-ra.org\/V16\/wp-json\/wp\/v2\/posts\/18"}],"collection":[{"href":"https:\/\/www.cge-ra.org\/V16\/wp-json\/wp\/v2\/posts"}],"about":[{"href":"https:\/\/www.cge-ra.org\/V16\/wp-json\/wp\/v2\/types\/post"}],"author":[{"embeddable":true,"href":"https:\/\/www.cge-ra.org\/V16\/wp-json\/wp\/v2\/users\/1"}],"replies":[{"embeddable":true,"href":"https:\/\/www.cge-ra.org\/V16\/wp-json\/wp\/v2\/comments?post=18"}],"version-history":[{"count":3,"href":"https:\/\/www.cge-ra.org\/V16\/wp-json\/wp\/v2\/posts\/18\/revisions"}],"predecessor-version":[{"id":1270,"href":"https:\/\/www.cge-ra.org\/V16\/wp-json\/wp\/v2\/posts\/18\/revisions\/1270"}],"wp:featuredmedia":[{"embeddable":true,"href":"https:\/\/www.cge-ra.org\/V16\/wp-json\/wp\/v2\/media\/19"}],"wp:attachment":[{"href":"https:\/\/www.cge-ra.org\/V16\/wp-json\/wp\/v2\/media?parent=18"}],"wp:term":[{"taxonomy":"category","embeddable":true,"href":"https:\/\/www.cge-ra.org\/V16\/wp-json\/wp\/v2\/categories?post=18"},{"taxonomy":"post_tag","embeddable":true,"href":"https:\/\/www.cge-ra.org\/V16\/wp-json\/wp\/v2\/tags?post=18"}],"curies":[{"name":"wp","href":"https:\/\/api.w.org\/{rel}","templated":true}]}}