{"id":1834,"date":"2019-03-18T18:18:07","date_gmt":"2019-03-18T18:18:07","guid":{"rendered":"http:\/\/www.cge-ra.org\/V16\/?p=1834"},"modified":"2019-03-18T18:18:07","modified_gmt":"2019-03-18T18:18:07","slug":"continuan-los-cursos-de-confeccion-textil-en-la-unidad-23-de-florencio-varela","status":"publish","type":"post","link":"https:\/\/www.cge-ra.org\/V16\/continuan-los-cursos-de-confeccion-textil-en-la-unidad-23-de-florencio-varela\/","title":{"rendered":"Contin\u00faan los cursos de Confecci\u00f3n Textil en la Unidad 23 de Florencio Varela"},"content":{"rendered":"<p><a href=\"http:\/\/www.cge-ra.org\/V16\/wp-content\/uploads\/2019\/03\/c2bf7d8d-9cbb-4258-8299-6442a35431ee.jpg\"><img decoding=\"async\" loading=\"lazy\" class=\"aligncenter size-large wp-image-1835\" src=\"http:\/\/www.cge-ra.org\/V16\/wp-content\/uploads\/2019\/03\/c2bf7d8d-9cbb-4258-8299-6442a35431ee-1024x576.jpg\" alt=\"\" width=\"618\" height=\"348\" srcset=\"https:\/\/www.cge-ra.org\/V16\/wp-content\/uploads\/2019\/03\/c2bf7d8d-9cbb-4258-8299-6442a35431ee-1024x576.jpg 1024w, https:\/\/www.cge-ra.org\/V16\/wp-content\/uploads\/2019\/03\/c2bf7d8d-9cbb-4258-8299-6442a35431ee-300x169.jpg 300w, https:\/\/www.cge-ra.org\/V16\/wp-content\/uploads\/2019\/03\/c2bf7d8d-9cbb-4258-8299-6442a35431ee-768x432.jpg 768w, https:\/\/www.cge-ra.org\/V16\/wp-content\/uploads\/2019\/03\/c2bf7d8d-9cbb-4258-8299-6442a35431ee.jpg 1032w\" sizes=\"(max-width: 618px) 100vw, 618px\" \/><\/a><\/p>\n<p>La Red de Centros de Formaci\u00f3n Profesional de CGERA contin\u00faa brindando cursos de Confecci\u00f3n\u00a0 Textil en la Unidad 23 de Florencio Varela del Servicio Penitenciario Bonaerense. La clase cuenta con la presencia de m\u00e1s de 25 alumnos.<\/p>\n<p>En este marco, se aprenden herramientas del oficio de confecci\u00f3n industrial trabajando en m\u00e1quinas espec\u00edficas del sector textil orientado a la ropa de trabajo.<\/p>\n<p>\u201cContinuamos trabajando en forma conjunta con el Ministerio de Producci\u00f3n de la Naci\u00f3n y de Justicia bonaerense, para darles mejoras de las posibilidades de empleabilidad a aquellos que han infringido la ley, y que a trav\u00e9s de la formaci\u00f3n profesional se reduzca el \u00edndice de reincidencia\u201d, afirm\u00f3 Guillermo Siro, Director de la Red.<\/p>\n","protected":false},"excerpt":{"rendered":"<p>La Red de Centros de Formaci\u00f3n Profesional de CGERA contin\u00faa brindando cursos de Confecci\u00f3n\u00a0 Textil en la Unidad 23 de Florencio Varela del Servicio Penitenciario Bonaerense. La clase cuenta con la presencia de m\u00e1s de 25 alumnos. En este marco, se aprenden herramientas del oficio de confecci\u00f3n industrial trabajando en m\u00e1quinas espec\u00edficas del sector textil &#8230;<\/p>\n","protected":false},"author":2,"featured_media":1835,"comment_status":"closed","ping_status":"closed","sticky":false,"template":"","format":"standard","meta":[],"categories":[4,5],"tags":[],"_links":{"self":[{"href":"https:\/\/www.cge-ra.org\/V16\/wp-json\/wp\/v2\/posts\/1834"}],"collection":[{"href":"https:\/\/www.cge-ra.org\/V16\/wp-json\/wp\/v2\/posts"}],"about":[{"href":"https:\/\/www.cge-ra.org\/V16\/wp-json\/wp\/v2\/types\/post"}],"author":[{"embeddable":true,"href":"https:\/\/www.cge-ra.org\/V16\/wp-json\/wp\/v2\/users\/2"}],"replies":[{"embeddable":true,"href":"https:\/\/www.cge-ra.org\/V16\/wp-json\/wp\/v2\/comments?post=1834"}],"version-history":[{"count":1,"href":"https:\/\/www.cge-ra.org\/V16\/wp-json\/wp\/v2\/posts\/1834\/revisions"}],"predecessor-version":[{"id":1836,"href":"https:\/\/www.cge-ra.org\/V16\/wp-json\/wp\/v2\/posts\/1834\/revisions\/1836"}],"wp:featuredmedia":[{"embeddable":true,"href":"https:\/\/www.cge-ra.org\/V16\/wp-json\/wp\/v2\/media\/1835"}],"wp:attachment":[{"href":"https:\/\/www.cge-ra.org\/V16\/wp-json\/wp\/v2\/media?parent=1834"}],"wp:term":[{"taxonomy":"category","embeddable":true,"href":"https:\/\/www.cge-ra.org\/V16\/wp-json\/wp\/v2\/categories?post=1834"},{"taxonomy":"post_tag","embeddable":true,"href":"https:\/\/www.cge-ra.org\/V16\/wp-json\/wp\/v2\/tags?post=1834"}],"curies":[{"name":"wp","href":"https:\/\/api.w.org\/{rel}","templated":true}]}}