{"id":1853,"date":"2019-03-27T20:15:40","date_gmt":"2019-03-27T20:15:40","guid":{"rendered":"http:\/\/www.cge-ra.org\/V16\/?p=1853"},"modified":"2019-03-27T20:15:40","modified_gmt":"2019-03-27T20:15:40","slug":"cgera-y-la-cgt-realizaran-una-marcha-en-conjunto-por-un-pais-que-priorice-el-pleno-empleo-y-la-produccion-nacional","status":"publish","type":"post","link":"https:\/\/www.cge-ra.org\/V16\/cgera-y-la-cgt-realizaran-una-marcha-en-conjunto-por-un-pais-que-priorice-el-pleno-empleo-y-la-produccion-nacional\/","title":{"rendered":"CGERA y la CGT realizar\u00e1n una marcha en conjunto por un pa\u00eds que priorice el pleno empleo y la producci\u00f3n nacional"},"content":{"rendered":"<div class=\"_2cuy _3dgx\" data-block=\"true\" data-editor=\"6tfn2\" data-offset-key=\"7dfs8-0-0\">\n<div data-offset-key=\"7dfs8-0-0\"><a href=\"http:\/\/www.cge-ra.org\/V16\/wp-content\/uploads\/2019\/03\/76db6c1e-7c1c-4589-b106-11f30f003202.jpg\"><img decoding=\"async\" loading=\"lazy\" class=\"aligncenter  wp-image-1854\" src=\"http:\/\/www.cge-ra.org\/V16\/wp-content\/uploads\/2019\/03\/76db6c1e-7c1c-4589-b106-11f30f003202-723x1024.jpg\" alt=\"\" width=\"229\" height=\"324\" srcset=\"https:\/\/www.cge-ra.org\/V16\/wp-content\/uploads\/2019\/03\/76db6c1e-7c1c-4589-b106-11f30f003202-723x1024.jpg 723w, https:\/\/www.cge-ra.org\/V16\/wp-content\/uploads\/2019\/03\/76db6c1e-7c1c-4589-b106-11f30f003202-212x300.jpg 212w, https:\/\/www.cge-ra.org\/V16\/wp-content\/uploads\/2019\/03\/76db6c1e-7c1c-4589-b106-11f30f003202-768x1087.jpg 768w, https:\/\/www.cge-ra.org\/V16\/wp-content\/uploads\/2019\/03\/76db6c1e-7c1c-4589-b106-11f30f003202.jpg 904w\" sizes=\"(max-width: 229px) 100vw, 229px\" \/><\/a><\/div>\n<div class=\"_1mf _1mj\" data-offset-key=\"7dfs8-0-0\"><span data-offset-key=\"7dfs8-0-0\">Empresarios Pymes pertenecientes a la Confederaci\u00f3n General Empresaria de la Rep\u00fablica Argentina (CGERA), los gremios de la Confederaci\u00f3n General del Trabajo (CGT) y otras organizaciones Pymes realizar\u00e1n una movilizaci\u00f3n en conjunto el pr\u00f3ximo jueves 4 de abril para defender la producci\u00f3n y el trabajo nacional. La marcha comenzar\u00e1 a las 14hs en Plaza Once y culminar\u00e1 en Plaza de Mayo.<\/span><\/div>\n<div data-offset-key=\"7dfs8-0-0\"><\/div>\n<\/div>\n<div class=\"_2cuy _3dgx\" data-block=\"true\" data-editor=\"6tfn2\" data-offset-key=\"219hf-0-0\">\n<div class=\"_1mf _1mj\" data-offset-key=\"219hf-0-0\"><span data-offset-key=\"219hf-0-0\">\u201cLos trabajadores y los empresarios PYME hemos decidido marchar dado que la pol\u00edtica econ\u00f3mica y productiva del gobierno no nos contiene. Porque en el plan del gobierno no est\u00e1n incluida la industria PYME ni los comercios que venden nuestros productos. Hemos decidido realizar esta marcha que no es contra de nadie sino a favor de la producci\u00f3n y la industria nacional\u201d, explic\u00f3 el Presidente de CGERA, Marcelo Fern\u00e1ndez.<\/span><\/div>\n<div data-offset-key=\"219hf-0-0\"><\/div>\n<\/div>\n<div class=\"_2cuy _3dgx\" data-block=\"true\" data-editor=\"6tfn2\" data-offset-key=\"ehk6t-0-0\">\n<div class=\"_1mf _1mj\" data-offset-key=\"ehk6t-0-0\"><span data-offset-key=\"ehk6t-0-0\">En este sentido, asegur\u00f3 que es necesario \u201cponer en el centro de la escena a la problem\u00e1tica para que la sociedad entienda que en octubre se van a dirimir dos modelos de pa\u00eds; uno basado en la exportaci\u00f3n de productos primarios y la especulaci\u00f3n financiera, y otro que se basa en la vigorosidad del mercado interno, y en la fuerza de la producci\u00f3n y el trabajo\u201d.<\/span><\/div>\n<div data-offset-key=\"ehk6t-0-0\"><\/div>\n<\/div>\n<div class=\"_2cuy _3dgx\" data-block=\"true\" data-editor=\"6tfn2\" data-offset-key=\"95h2d-0-0\">\n<div class=\"_1mf _1mj\" data-offset-key=\"95h2d-0-0\"><span data-offset-key=\"95h2d-0-0\">Entre los reclamos que se plantear\u00e1n en la marcha se encuentran: lograr un pa\u00eds con pleno empleo; priorizar la producci\u00f3n nacional el desarrollo en las negociaciones internacionales; apostar a que el mercado interno sea la base del crecimiento econ\u00f3mico y plataforma del fortalecimiento de la exportaciones; priorizar lo productivo por sobre lo financiero especulativo; e implementar acciones para que la pol\u00edtica fiscal y monetaria incentiven la producci\u00f3n y el trabajo nacional.<\/span><\/div>\n<div data-offset-key=\"95h2d-0-0\"><\/div>\n<\/div>\n<div class=\"_2cuy _3dgx\" data-block=\"true\" data-editor=\"6tfn2\" data-offset-key=\"6br3b-0-0\">\n<div class=\"_1mf _1mj\" data-offset-key=\"6br3b-0-0\"><span data-offset-key=\"6br3b-0-0\">Asimismo, Fern\u00e1ndez destac\u00f3 la importancia de apostar a \u201cuna Argentina con consumo y un mercado interno que permita el desarrollo econ\u00f3mico\u201d. \u201cA partir de ah\u00ed, vamos a poder apuntar a la reindustrializaci\u00f3n del pa\u00eds, ya que despu\u00e9s de cuatro a\u00f1os de gobierno con este tipo de pol\u00edticas, el aparato productivo qued\u00f3 muy diezmado\u201d, agreg\u00f3.<\/span><\/div>\n<div data-offset-key=\"6br3b-0-0\"><\/div>\n<\/div>\n<div class=\"_2cuy _3dgx\" data-block=\"true\" data-editor=\"6tfn2\" data-offset-key=\"1p66m-0-0\">\n<div class=\"_1mf _1mj\" data-offset-key=\"1p66m-0-0\"><span data-offset-key=\"1p66m-0-0\">Por \u00faltimo, el Presidente de CGERA manifest\u00f3 que \u201cha quedado demostrado con las pol\u00edticas que se han tomado este a\u00f1o que se ha ratificado el rumbo\u201d y advirti\u00f3 por el nuevo aumento en las tarifas de gas anunciado para la semana pr\u00f3xima, que alcanzar\u00e1 el 35%.<\/span><\/div>\n<div data-offset-key=\"1p66m-0-0\"><\/div>\n<\/div>\n<div class=\"_2cuy _3dgx\" data-block=\"true\" data-editor=\"6tfn2\" data-offset-key=\"5nm6h-0-0\">\n<div class=\"_1mf _1mj\" data-offset-key=\"5nm6h-0-0\"><span data-offset-key=\"5nm6h-0-0\">CGERA representa a miles de pymes agrupadas en m\u00e1s de 60 c\u00e1maras y federaciones de todo el pa\u00eds. Algunos de los sectores industriales que agrupa son: Manufacturas del Cuero, Indumentaria, Curtiembres, Exportadores pymes, de la Carne, Electr\u00f3nicos, Radiodifusores, Engordadores de Hacienda, Fabricantes de Tintas Gr\u00e1ficas, Metal\u00fargicos, Insumos textiles, del Juguete, Industria del Calzado, Herrajes, Productores Art\u00edsticos y Culturales, Seguridad, Construcci\u00f3n, Empresas Procesadoras Av\u00edcolas, Laboratorios, Farmacias, Textiles, Autopartes Pyme, Panaderil, Ferroviarios, Aires acondicionados, entre otros.<\/span><\/div>\n<\/div>\n","protected":false},"excerpt":{"rendered":"<p>Empresarios Pymes pertenecientes a la Confederaci\u00f3n General Empresaria de la Rep\u00fablica Argentina (CGERA), los gremios de la Confederaci\u00f3n General del Trabajo (CGT) y otras organizaciones Pymes realizar\u00e1n una movilizaci\u00f3n en conjunto el pr\u00f3ximo jueves 4 de abril para defender la producci\u00f3n y el trabajo nacional. La marcha comenzar\u00e1 a las 14hs en Plaza Once y &#8230;<\/p>\n","protected":false},"author":2,"featured_media":0,"comment_status":"closed","ping_status":"closed","sticky":false,"template":"","format":"standard","meta":[],"categories":[1],"tags":[],"_links":{"self":[{"href":"https:\/\/www.cge-ra.org\/V16\/wp-json\/wp\/v2\/posts\/1853"}],"collection":[{"href":"https:\/\/www.cge-ra.org\/V16\/wp-json\/wp\/v2\/posts"}],"about":[{"href":"https:\/\/www.cge-ra.org\/V16\/wp-json\/wp\/v2\/types\/post"}],"author":[{"embeddable":true,"href":"https:\/\/www.cge-ra.org\/V16\/wp-json\/wp\/v2\/users\/2"}],"replies":[{"embeddable":true,"href":"https:\/\/www.cge-ra.org\/V16\/wp-json\/wp\/v2\/comments?post=1853"}],"version-history":[{"count":1,"href":"https:\/\/www.cge-ra.org\/V16\/wp-json\/wp\/v2\/posts\/1853\/revisions"}],"predecessor-version":[{"id":1855,"href":"https:\/\/www.cge-ra.org\/V16\/wp-json\/wp\/v2\/posts\/1853\/revisions\/1855"}],"wp:attachment":[{"href":"https:\/\/www.cge-ra.org\/V16\/wp-json\/wp\/v2\/media?parent=1853"}],"wp:term":[{"taxonomy":"category","embeddable":true,"href":"https:\/\/www.cge-ra.org\/V16\/wp-json\/wp\/v2\/categories?post=1853"},{"taxonomy":"post_tag","embeddable":true,"href":"https:\/\/www.cge-ra.org\/V16\/wp-json\/wp\/v2\/tags?post=1853"}],"curies":[{"name":"wp","href":"https:\/\/api.w.org\/{rel}","templated":true}]}}