{"id":1868,"date":"2019-04-10T12:14:27","date_gmt":"2019-04-10T12:14:27","guid":{"rendered":"http:\/\/www.cge-ra.org\/V16\/?p=1868"},"modified":"2019-04-10T12:14:27","modified_gmt":"2019-04-10T12:14:27","slug":"continuan-los-cursos-de-mecanica-de-motos-de-cgera-en-la-unidad-de-gorina","status":"publish","type":"post","link":"https:\/\/www.cge-ra.org\/V16\/continuan-los-cursos-de-mecanica-de-motos-de-cgera-en-la-unidad-de-gorina\/","title":{"rendered":"Contin\u00faan los cursos de Mec\u00e1nica de Motos de CGERA en la Unidad de Gorina"},"content":{"rendered":"<p><a href=\"http:\/\/www.cge-ra.org\/V16\/wp-content\/uploads\/2019\/04\/2.jpg\"><img decoding=\"async\" loading=\"lazy\" class=\"aligncenter  wp-image-1869\" src=\"http:\/\/www.cge-ra.org\/V16\/wp-content\/uploads\/2019\/04\/2.jpg\" alt=\"\" width=\"631\" height=\"473\" srcset=\"https:\/\/www.cge-ra.org\/V16\/wp-content\/uploads\/2019\/04\/2.jpg 960w, https:\/\/www.cge-ra.org\/V16\/wp-content\/uploads\/2019\/04\/2-300x225.jpg 300w, https:\/\/www.cge-ra.org\/V16\/wp-content\/uploads\/2019\/04\/2-768x576.jpg 768w\" sizes=\"(max-width: 631px) 100vw, 631px\" \/><\/a><\/p>\n<p>El Director de la Red de Centros de Formaci\u00f3n Profesional de CGERA,\u00a0<a class=\"profileLink\" href=\"https:\/\/www.facebook.com\/guillermofabian.siro?__tn__=K-R&amp;eid=ARBPyTKjphuZRTUN6ah0lD9zgu3n-RrJDkMV81C6aPuW1mSlKER4E5BDT7LBOsp4jpzOEIUtrRjzohmX&amp;fref=mentions&amp;__xts__%5B0%5D=68.ARDXrHpecSgx3eI8XN8dU17j6mj8epJaC9rjHu5sbJZL77061FvgnCXaDXqa1RwszDMAMU-RpbqYmotQ5jA2nFA-XeyaPW7SareHuWMeCweLmQk1_hVmGv4scqsX7fyzaOQlW94xT4Yi6S3-CYBYcx46lmg15dVtWTCGh2axXFAJOLJ0xdbazBF3hNXbaaJf0Da3oUm5-RLEenvdCzwph8roI1PdfNYcoSN22VXLJvoHhlpICRGJl2IQPUCiyU6TCq6HpQVCep9XQ9UtGDU41nrhf8UD-XsdJq6baYket9qUT2gofbSDKb-rh8BmrgxcKpG5pW-kObvlG8hB2r5QimaGyg\" data-hovercard=\"\/ajax\/hovercard\/user.php?id=100000861627277&amp;extragetparams=%7B%22__tn__%22%3A%22%2CdK-R-R%22%2C%22eid%22%3A%22ARBPyTKjphuZRTUN6ah0lD9zgu3n-RrJDkMV81C6aPuW1mSlKER4E5BDT7LBOsp4jpzOEIUtrRjzohmX%22%2C%22fref%22%3A%22mentions%22%7D\" data-hovercard-prefer-more-content-show=\"1\">Guillermo Fabian Siro<\/a>, recorri\u00f3 la Unidad 18 de Gorina del Servicio Penitenciario Bonaerense donde se realizan los cursos de Mec\u00e1nica de Motos.<\/p>\n<p>El dirigente de CGERA mantuvo reuniones con las autoridades de la c\u00e1rcel y dialog\u00f3 con los alumnos de los cursos sobre el trabajo que realiza la entidad gremial junto al\u00a0<a class=\"profileLink\" href=\"https:\/\/www.facebook.com\/ProdArgentina\/?__xts__%5B0%5D=33.%7B%22logging_data%22%3A%7B%22page_id%22%3A292621740855395%2C%22event_type%22%3A%22clicked_all_page_posts%22%2C%22impression_info%22%3A%22eyJmIjp7InBhZ2VfaWQiOiIyOTI2MjE3NDA4NTUzOTUiLCJpdGVtX2NvdW50IjoiMCJ9fQ%22%2C%22surface%22%3A%22www_pages_home%22%2C%22interacted_story_type%22%3A%22565413710334575%22%2C%22session_id%22%3A%22f30db6d2e69a6874c7e90cf80297f2a5%22%7D%7D&amp;__xts__%5B1%5D=68.ARDXrHpecSgx3eI8XN8dU17j6mj8epJaC9rjHu5sbJZL77061FvgnCXaDXqa1RwszDMAMU-RpbqYmotQ5jA2nFA-XeyaPW7SareHuWMeCweLmQk1_hVmGv4scqsX7fyzaOQlW94xT4Yi6S3-CYBYcx46lmg15dVtWTCGh2axXFAJOLJ0xdbazBF3hNXbaaJf0Da3oUm5-RLEenvdCzwph8roI1PdfNYcoSN22VXLJvoHhlpICRGJl2IQPUCiyU6TCq6HpQVCep9XQ9UtGDU41nrhf8UD-XsdJq6baYket9qUT2gofbSDKb-rh8BmrgxcKpG5pW-kObvlG8hB2r5QimaGyg&amp;__tn__=K-R&amp;eid=ARC_eeXxCdmd0V0VVfU0XCU32LORWpxAPuacUdkhh8EiCmV0qF_9lLP5HcANxWnlIfOFI6d34Y0SHTxI&amp;fref=mentions\" data-hovercard=\"\/ajax\/hovercard\/page.php?id=140324806092935&amp;extragetparams=%7B%22__tn__%22%3A%22%2CdK-R-R%22%2C%22eid%22%3A%22ARC_eeXxCdmd0V0VVfU0XCU32LORWpxAPuacUdkhh8EiCmV0qF_9lLP5HcANxWnlIfOFI6d34Y0SHTxI%22%2C%22fref%22%3A%22mentions%22%7D\" data-hovercard-prefer-more-content-show=\"1\">Ministerio de Producci\u00f3<span class=\"text_exposed_show\">n y Trabajo<\/span><\/a><span class=\"text_exposed_show\">\u00a0y el\u00a0<a class=\"profileLink\" href=\"https:\/\/www.facebook.com\/JusticiaBA\/?__xts__%5B0%5D=33.%7B%22logging_data%22%3A%7B%22page_id%22%3A292621740855395%2C%22event_type%22%3A%22clicked_all_page_posts%22%2C%22impression_info%22%3A%22eyJmIjp7InBhZ2VfaWQiOiIyOTI2MjE3NDA4NTUzOTUiLCJpdGVtX2NvdW50IjoiMCJ9fQ%22%2C%22surface%22%3A%22www_pages_home%22%2C%22interacted_story_type%22%3A%22565413710334575%22%2C%22session_id%22%3A%22f30db6d2e69a6874c7e90cf80297f2a5%22%7D%7D&amp;__xts__%5B1%5D=68.ARDXrHpecSgx3eI8XN8dU17j6mj8epJaC9rjHu5sbJZL77061FvgnCXaDXqa1RwszDMAMU-RpbqYmotQ5jA2nFA-XeyaPW7SareHuWMeCweLmQk1_hVmGv4scqsX7fyzaOQlW94xT4Yi6S3-CYBYcx46lmg15dVtWTCGh2axXFAJOLJ0xdbazBF3hNXbaaJf0Da3oUm5-RLEenvdCzwph8roI1PdfNYcoSN22VXLJvoHhlpICRGJl2IQPUCiyU6TCq6HpQVCep9XQ9UtGDU41nrhf8UD-XsdJq6baYket9qUT2gofbSDKb-rh8BmrgxcKpG5pW-kObvlG8hB2r5QimaGyg&amp;__tn__=K-R&amp;eid=ARAzSFo_yoUtsZrtuAadr5ZA0HWyafuEHvXcm4mjqKWe1mcHN87wk4lILyueuP_ifwXc-k7i9o8qFJN1&amp;fref=mentions\" data-hovercard=\"\/ajax\/hovercard\/page.php?id=852261174853008&amp;extragetparams=%7B%22__tn__%22%3A%22%2CdK-R-R%22%2C%22eid%22%3A%22ARAzSFo_yoUtsZrtuAadr5ZA0HWyafuEHvXcm4mjqKWe1mcHN87wk4lILyueuP_ifwXc-k7i9o8qFJN1%22%2C%22fref%22%3A%22mentions%22%7D\" data-hovercard-prefer-more-content-show=\"1\">Ministerio de Justicia<\/a>\u00a0bonaerense.<\/span><\/p>\n<div class=\"text_exposed_show\">\n<p>\u201cEstamos formando en Mec\u00e1nica de Motos y vamos a desarrollar Marroquiner\u00eda y Atenci\u00f3n al Cliente en esta Unidad de 600 detenidos, potenciales alumnos, que est\u00e1n en conflicto con la ley penal y quieren tener una segunda oportunidad\u201d, afirm\u00f3 Siro.<\/p>\n<\/div>\n","protected":false},"excerpt":{"rendered":"<p>El Director de la Red de Centros de Formaci\u00f3n Profesional de CGERA,\u00a0Guillermo Fabian Siro, recorri\u00f3 la Unidad 18 de Gorina del Servicio Penitenciario Bonaerense donde se realizan los cursos de Mec\u00e1nica de Motos. El dirigente de CGERA mantuvo reuniones con las autoridades de la c\u00e1rcel y dialog\u00f3 con los alumnos de los cursos sobre el &#8230;<\/p>\n","protected":false},"author":2,"featured_media":1869,"comment_status":"closed","ping_status":"closed","sticky":false,"template":"","format":"standard","meta":[],"categories":[4,5,7],"tags":[],"_links":{"self":[{"href":"https:\/\/www.cge-ra.org\/V16\/wp-json\/wp\/v2\/posts\/1868"}],"collection":[{"href":"https:\/\/www.cge-ra.org\/V16\/wp-json\/wp\/v2\/posts"}],"about":[{"href":"https:\/\/www.cge-ra.org\/V16\/wp-json\/wp\/v2\/types\/post"}],"author":[{"embeddable":true,"href":"https:\/\/www.cge-ra.org\/V16\/wp-json\/wp\/v2\/users\/2"}],"replies":[{"embeddable":true,"href":"https:\/\/www.cge-ra.org\/V16\/wp-json\/wp\/v2\/comments?post=1868"}],"version-history":[{"count":1,"href":"https:\/\/www.cge-ra.org\/V16\/wp-json\/wp\/v2\/posts\/1868\/revisions"}],"predecessor-version":[{"id":1870,"href":"https:\/\/www.cge-ra.org\/V16\/wp-json\/wp\/v2\/posts\/1868\/revisions\/1870"}],"wp:featuredmedia":[{"embeddable":true,"href":"https:\/\/www.cge-ra.org\/V16\/wp-json\/wp\/v2\/media\/1869"}],"wp:attachment":[{"href":"https:\/\/www.cge-ra.org\/V16\/wp-json\/wp\/v2\/media?parent=1868"}],"wp:term":[{"taxonomy":"category","embeddable":true,"href":"https:\/\/www.cge-ra.org\/V16\/wp-json\/wp\/v2\/categories?post=1868"},{"taxonomy":"post_tag","embeddable":true,"href":"https:\/\/www.cge-ra.org\/V16\/wp-json\/wp\/v2\/tags?post=1868"}],"curies":[{"name":"wp","href":"https:\/\/api.w.org\/{rel}","templated":true}]}}