{"id":1873,"date":"2019-04-11T19:36:09","date_gmt":"2019-04-11T19:36:09","guid":{"rendered":"http:\/\/www.cge-ra.org\/V16\/?p=1873"},"modified":"2019-04-11T19:36:09","modified_gmt":"2019-04-11T19:36:09","slug":"marcelo-fernandez-visito-el-fontex-en-formosa-junto-a-scioli-berni-y-schalke","status":"publish","type":"post","link":"https:\/\/www.cge-ra.org\/V16\/marcelo-fernandez-visito-el-fontex-en-formosa-junto-a-scioli-berni-y-schalke\/","title":{"rendered":"Marcelo Fern\u00e1ndez visit\u00f3 el FONTEX en Formosa junto a Scioli, Berni y Schalke"},"content":{"rendered":"<div><a href=\"http:\/\/www.cge-ra.org\/V16\/wp-content\/uploads\/2019\/04\/9a8d23ba-03b3-4da5-b333-3ae118b70c85.jpg\"><img decoding=\"async\" loading=\"lazy\" class=\"aligncenter size-large wp-image-1874\" src=\"http:\/\/www.cge-ra.org\/V16\/wp-content\/uploads\/2019\/04\/9a8d23ba-03b3-4da5-b333-3ae118b70c85-1024x702.jpg\" alt=\"\" width=\"618\" height=\"424\" srcset=\"https:\/\/www.cge-ra.org\/V16\/wp-content\/uploads\/2019\/04\/9a8d23ba-03b3-4da5-b333-3ae118b70c85-1024x702.jpg 1024w, https:\/\/www.cge-ra.org\/V16\/wp-content\/uploads\/2019\/04\/9a8d23ba-03b3-4da5-b333-3ae118b70c85-300x206.jpg 300w, https:\/\/www.cge-ra.org\/V16\/wp-content\/uploads\/2019\/04\/9a8d23ba-03b3-4da5-b333-3ae118b70c85-768x527.jpg 768w, https:\/\/www.cge-ra.org\/V16\/wp-content\/uploads\/2019\/04\/9a8d23ba-03b3-4da5-b333-3ae118b70c85-110x75.jpg 110w, https:\/\/www.cge-ra.org\/V16\/wp-content\/uploads\/2019\/04\/9a8d23ba-03b3-4da5-b333-3ae118b70c85.jpg 1034w\" sizes=\"(max-width: 618px) 100vw, 618px\" \/><\/a><\/div>\n<div class=\"_2cuy _3dgx _2vxa\">Este jueves, el Presidente de <a class=\"_2u0z\" href=\"https:\/\/www.facebook.com\/CGERargentina\/?eid=ARDfbrW8WseSX8zuQcyylndHn7Xoj6xR-2R5Yo6IyI4TuIqIDrNE0CrIRY7zMafjFuUSLAcrQul-3DLb\" data-hovercard=\"\/ajax\/hovercard\/page.php?id=292621740855395&amp;extragetparams=%7B%22eid%22%3A%22ARDfbrW8WseSX8zuQcyylndHn7Xoj6xR-2R5Yo6IyI4TuIqIDrNE0CrIRY7zMafjFuUSLAcrQul-3DLb%22%7D\" data-hovercard-prefer-more-content-show=\"1\">CGERA<\/a> <a class=\"_2u0z\" href=\"https:\/\/www.facebook.com\/marceloomar.fernandez.58?eid=ARAdNK2hxFg3y94FJpI_0hfQdTNExRyEObmk985mWwbpTbTJVferfqA1U-o77sCT6Llj1Ru8-cUpqro2\" data-hovercard=\"\/ajax\/hovercard\/user.php?id=1078192039&amp;extragetparams=%7B%22eid%22%3A%22ARAdNK2hxFg3y94FJpI_0hfQdTNExRyEObmk985mWwbpTbTJVferfqA1U-o77sCT6Llj1Ru8-cUpqro2%22%7D\" data-hovercard-prefer-more-content-show=\"1\">Marcelo Omar Fern\u00e1ndez<\/a> visit\u00f3 junto al Diputado Nacional Daniel Scioli, el Senador Provincial <a class=\"_2u0z\" href=\"https:\/\/www.facebook.com\/SergioBerniArg\/?eid=ARAt5pKeMLoVtLZcHrjlNpokSdavPtN0qNV1eQEo4V7cct92vXAP1A8cRpI-7Vz4wzaLP0FRgsxveofT\" data-hovercard=\"\/ajax\/hovercard\/page.php?id=472656402810857&amp;extragetparams=%7B%22eid%22%3A%22ARAt5pKeMLoVtLZcHrjlNpokSdavPtN0qNV1eQEo4V7cct92vXAP1A8cRpI-7Vz4wzaLP0FRgsxveofT%22%7D\" data-hovercard-prefer-more-content-show=\"1\">Sergio Berni<\/a> y el Director ejecutivo de Protejer Ariel Schalke el <a class=\"_2u0z\" href=\"https:\/\/www.facebook.com\/fontexformosa\/?eid=ARBbI4eNvd-m9yiWV8D7xdzXBcc7n3bY6o_GJZ8tPh2Pa_HibgwcZ-YsPUL4nyYVCUoUW0Ai0bl2AaoS\" data-hovercard=\"\/ajax\/hovercard\/page.php?id=648788415138685&amp;extragetparams=%7B%22eid%22%3A%22ARBbI4eNvd-m9yiWV8D7xdzXBcc7n3bY6o_GJZ8tPh2Pa_HibgwcZ-YsPUL4nyYVCUoUW0Ai0bl2AaoS%22%7D\" data-hovercard-prefer-more-content-show=\"1\">Fontex<\/a> que contiene el Programa de desarrollo productivo del sector textil, situado en la Provincia de Formosa.<\/div>\n<div><\/div>\n<div class=\"_2cuy _3dgx _2vxa\">\u201cQuedamos gratamente impresionados por la inversi\u00f3n p\u00fablica efectuada en un sector que aqu\u00ed genera que 750 costureras capacitadas en el lugar trabajen en la confecci\u00f3n\u201d, manifest\u00f3 Fern\u00e1ndez en el marco de la recorrida a la importante planta alojada en el parque industrial de la ciudad capital, donde se producen todo tipo de productos textiles que consume la provincia para su uso interno.<\/div>\n<div><\/div>\n<div class=\"_2cuy _3dgx _2vxa\">En este sentido, en FONTEX se producen sabanas para sus hospitales, ropa de trabajo para sus funcionarios, guardapolvos para los alumnos, y uniformes para las sus fuerzas de seguridad.<\/div>\n<div class=\"_2cuy _3dgx _2vxa\">\u201cHemos comprometido la difusi\u00f3n del emprendimiento textil y de producci\u00f3n de indumentaria que el gobierno Formose\u00f1o tiene en su provincia\u201d, agreg\u00f3 Fern\u00e1ndez.<\/div>\n","protected":false},"excerpt":{"rendered":"<p>Este jueves, el Presidente de CGERA Marcelo Omar Fern\u00e1ndez visit\u00f3 junto al Diputado Nacional Daniel Scioli, el Senador Provincial Sergio Berni y el Director ejecutivo de Protejer Ariel Schalke el Fontex que contiene el Programa de desarrollo productivo del sector textil, situado en la Provincia de Formosa. \u201cQuedamos gratamente impresionados por la inversi\u00f3n p\u00fablica efectuada &#8230;<\/p>\n","protected":false},"author":2,"featured_media":1874,"comment_status":"closed","ping_status":"closed","sticky":false,"template":"","format":"standard","meta":[],"categories":[4,7],"tags":[],"_links":{"self":[{"href":"https:\/\/www.cge-ra.org\/V16\/wp-json\/wp\/v2\/posts\/1873"}],"collection":[{"href":"https:\/\/www.cge-ra.org\/V16\/wp-json\/wp\/v2\/posts"}],"about":[{"href":"https:\/\/www.cge-ra.org\/V16\/wp-json\/wp\/v2\/types\/post"}],"author":[{"embeddable":true,"href":"https:\/\/www.cge-ra.org\/V16\/wp-json\/wp\/v2\/users\/2"}],"replies":[{"embeddable":true,"href":"https:\/\/www.cge-ra.org\/V16\/wp-json\/wp\/v2\/comments?post=1873"}],"version-history":[{"count":1,"href":"https:\/\/www.cge-ra.org\/V16\/wp-json\/wp\/v2\/posts\/1873\/revisions"}],"predecessor-version":[{"id":1875,"href":"https:\/\/www.cge-ra.org\/V16\/wp-json\/wp\/v2\/posts\/1873\/revisions\/1875"}],"wp:featuredmedia":[{"embeddable":true,"href":"https:\/\/www.cge-ra.org\/V16\/wp-json\/wp\/v2\/media\/1874"}],"wp:attachment":[{"href":"https:\/\/www.cge-ra.org\/V16\/wp-json\/wp\/v2\/media?parent=1873"}],"wp:term":[{"taxonomy":"category","embeddable":true,"href":"https:\/\/www.cge-ra.org\/V16\/wp-json\/wp\/v2\/categories?post=1873"},{"taxonomy":"post_tag","embeddable":true,"href":"https:\/\/www.cge-ra.org\/V16\/wp-json\/wp\/v2\/tags?post=1873"}],"curies":[{"name":"wp","href":"https:\/\/api.w.org\/{rel}","templated":true}]}}