{"id":1906,"date":"2019-05-20T21:50:40","date_gmt":"2019-05-20T21:50:40","guid":{"rendered":"http:\/\/www.cge-ra.org\/V16\/?p=1906"},"modified":"2019-05-20T21:50:40","modified_gmt":"2019-05-20T21:50:40","slug":"cgera-y-la-cgt-se-reunen-para-plantear-acciones-en-conjunto-de-cara-al-paro-del-29-de-mayo","status":"publish","type":"post","link":"https:\/\/www.cge-ra.org\/V16\/cgera-y-la-cgt-se-reunen-para-plantear-acciones-en-conjunto-de-cara-al-paro-del-29-de-mayo\/","title":{"rendered":"CGERA y la CGT se re\u00fanen para plantear acciones en conjunto de cara al paro del 29 de mayo"},"content":{"rendered":"<div class=\"_2cuy _3dgx _2vxa\"><a href=\"http:\/\/www.cge-ra.org\/V16\/wp-content\/uploads\/2019\/05\/CGT.jpg\"><img decoding=\"async\" loading=\"lazy\" class=\"aligncenter size-full wp-image-1907\" src=\"http:\/\/www.cge-ra.org\/V16\/wp-content\/uploads\/2019\/05\/CGT.jpg\" alt=\"\" width=\"768\" height=\"512\" srcset=\"https:\/\/www.cge-ra.org\/V16\/wp-content\/uploads\/2019\/05\/CGT.jpg 768w, https:\/\/www.cge-ra.org\/V16\/wp-content\/uploads\/2019\/05\/CGT-300x200.jpg 300w\" sizes=\"(max-width: 768px) 100vw, 768px\" \/><\/a><\/div>\n<div><\/div>\n<div class=\"_2cuy _3dgx _2vxa\">Empresarios PYMES de la Confederaci\u00f3n General Empresaria de la Rep\u00fablica Argentina (<a class=\"_2u0z\" href=\"https:\/\/www.facebook.com\/CGERargentina\/?eid=ARCeFxYNvrMHxWUsKI-bB7ljoszfpnm8e03iF-hEePy81wH_-hFGzZ_o9lYHR1KfEfFFtSeQCCykS4M9\" data-hovercard=\"\/ajax\/hovercard\/page.php?id=292621740855395&amp;extragetparams=%7B%22eid%22%3A%22ARCeFxYNvrMHxWUsKI-bB7ljoszfpnm8e03iF-hEePy81wH_-hFGzZ_o9lYHR1KfEfFFtSeQCCykS4M9%22%7D\" data-hovercard-prefer-more-content-show=\"1\">CGERA<\/a>) fueron convocados por la Confederaci\u00f3n General del Trabajo (CGT) a una reuni\u00f3n que se realizar\u00e1 este martes a las 11 horas en la sede de la central obrera en donde se plantear\u00e1n los motivos del paro del d\u00eda 29.<\/div>\n<div><\/div>\n<div class=\"_2cuy _3dgx _2vxa\">\u201cSe van a dise\u00f1ar acciones conjuntas entre trabajadores y PYMES para elaborar propuestas y proyectos. Tambi\u00e9n se trabajar\u00e1 sobre la posibilidad de desarrollar un congreso en conjunto donde se expongan las problem\u00e1ticas y propuestas a los distintos candidatos, de cara a las elecciones presidenciales\u201d, manifest\u00f3 <a class=\"_2u0z\" href=\"https:\/\/www.facebook.com\/marcelocgera\/?eid=ARABkC6wWhMUYCI84Jt196USrLOWNTMJlrFxa7AHIi-oq8YkEkUqwe4tPTLn_2v1IhXqBBp9EMSVtQDz\" data-hovercard=\"\/ajax\/hovercard\/page.php?id=357367031072186&amp;extragetparams=%7B%22eid%22%3A%22ARABkC6wWhMUYCI84Jt196USrLOWNTMJlrFxa7AHIi-oq8YkEkUqwe4tPTLn_2v1IhXqBBp9EMSVtQDz%22%7D\" data-hovercard-prefer-more-content-show=\"1\">Marcelo Fern\u00e1ndez<\/a>, Presidente de CGERA.<\/div>\n<div><\/div>\n<div class=\"_2cuy _3dgx _2vxa\">En este sentido, Fern\u00e1ndez destac\u00f3 que \u201ces muy importante esta nueva convocatoria a las PYMES despu\u00e9s de la marcha que tuvimos el 4 de abril\u201d. Adem\u00e1s, advirti\u00f3 que \u201cseguiremos con las acciones que hemos programado debido a que las pol\u00edticas de tasas de inter\u00e9s y la falta de administraci\u00f3n en el comercio contin\u00faan\u201d.<\/div>\n<div><\/div>\n<div class=\"_2cuy _3dgx _2vxa\">CGERA representa a miles de pymes agrupadas en m\u00e1s de 60 c\u00e1maras y federaciones de todo el pa\u00eds. Algunos de los sectores industriales que agrupa son: Manufacturas del Cuero, Indumentaria, Curtiembres, Exportadores pymes, de la Carne, Electr\u00f3nicos, Radiodifusores, Engordadores de Hacienda, Fabricantes de Tintas Gr\u00e1ficas, Metal\u00fargicos, Insumos textiles, del Juguete, Industria del Calzado, Herrajes, Productores Art\u00edsticos y Culturales, Seguridad, Construcci\u00f3n, Empresas Procesadoras Av\u00edcolas, Laboratorios, Farmacias, Textiles, Autopartes Pyme, Panaderil, Ferroviarios, Aires acondicionados, entre otros.<\/div>\n","protected":false},"excerpt":{"rendered":"<p>Empresarios PYMES de la Confederaci\u00f3n General Empresaria de la Rep\u00fablica Argentina (CGERA) fueron convocados por la Confederaci\u00f3n General del Trabajo (CGT) a una reuni\u00f3n que se realizar\u00e1 este martes a las 11 horas en la sede de la central obrera en donde se plantear\u00e1n los motivos del paro del d\u00eda 29. \u201cSe van a dise\u00f1ar &#8230;<\/p>\n","protected":false},"author":2,"featured_media":1907,"comment_status":"closed","ping_status":"closed","sticky":false,"template":"","format":"standard","meta":[],"categories":[4,45,7],"tags":[],"_links":{"self":[{"href":"https:\/\/www.cge-ra.org\/V16\/wp-json\/wp\/v2\/posts\/1906"}],"collection":[{"href":"https:\/\/www.cge-ra.org\/V16\/wp-json\/wp\/v2\/posts"}],"about":[{"href":"https:\/\/www.cge-ra.org\/V16\/wp-json\/wp\/v2\/types\/post"}],"author":[{"embeddable":true,"href":"https:\/\/www.cge-ra.org\/V16\/wp-json\/wp\/v2\/users\/2"}],"replies":[{"embeddable":true,"href":"https:\/\/www.cge-ra.org\/V16\/wp-json\/wp\/v2\/comments?post=1906"}],"version-history":[{"count":1,"href":"https:\/\/www.cge-ra.org\/V16\/wp-json\/wp\/v2\/posts\/1906\/revisions"}],"predecessor-version":[{"id":1908,"href":"https:\/\/www.cge-ra.org\/V16\/wp-json\/wp\/v2\/posts\/1906\/revisions\/1908"}],"wp:featuredmedia":[{"embeddable":true,"href":"https:\/\/www.cge-ra.org\/V16\/wp-json\/wp\/v2\/media\/1907"}],"wp:attachment":[{"href":"https:\/\/www.cge-ra.org\/V16\/wp-json\/wp\/v2\/media?parent=1906"}],"wp:term":[{"taxonomy":"category","embeddable":true,"href":"https:\/\/www.cge-ra.org\/V16\/wp-json\/wp\/v2\/categories?post=1906"},{"taxonomy":"post_tag","embeddable":true,"href":"https:\/\/www.cge-ra.org\/V16\/wp-json\/wp\/v2\/tags?post=1906"}],"curies":[{"name":"wp","href":"https:\/\/api.w.org\/{rel}","templated":true}]}}