{"id":1909,"date":"2019-05-21T16:02:32","date_gmt":"2019-05-21T16:02:32","guid":{"rendered":"http:\/\/www.cge-ra.org\/V16\/?p=1909"},"modified":"2019-05-21T16:02:32","modified_gmt":"2019-05-21T16:02:32","slug":"cgera-y-la-cgt-se-reunieron-para-plantear-acciones-en-conjunto-de-cara-al-paro-del-29-de-mayo","status":"publish","type":"post","link":"https:\/\/www.cge-ra.org\/V16\/cgera-y-la-cgt-se-reunieron-para-plantear-acciones-en-conjunto-de-cara-al-paro-del-29-de-mayo\/","title":{"rendered":"CGERA y la CGT se reunieron para plantear acciones en conjunto de cara al paro del 29 de mayo"},"content":{"rendered":"<p><a href=\"http:\/\/www.cge-ra.org\/V16\/wp-content\/uploads\/2019\/05\/CGERA4.jpg\"><img decoding=\"async\" loading=\"lazy\" class=\"aligncenter size-large wp-image-1910\" src=\"http:\/\/www.cge-ra.org\/V16\/wp-content\/uploads\/2019\/05\/CGERA4-1024x664.jpg\" alt=\"\" width=\"618\" height=\"401\" srcset=\"https:\/\/www.cge-ra.org\/V16\/wp-content\/uploads\/2019\/05\/CGERA4-1024x664.jpg 1024w, https:\/\/www.cge-ra.org\/V16\/wp-content\/uploads\/2019\/05\/CGERA4-300x195.jpg 300w, https:\/\/www.cge-ra.org\/V16\/wp-content\/uploads\/2019\/05\/CGERA4-768x498.jpg 768w, https:\/\/www.cge-ra.org\/V16\/wp-content\/uploads\/2019\/05\/CGERA4.jpg 1280w\" sizes=\"(max-width: 618px) 100vw, 618px\" \/><\/a>Empresarios PYMES de la Confederaci\u00f3n General Empresaria de la Rep\u00fablica Argentina (CGERA) mantuvieron un encuentro junto a la Confederaci\u00f3n General del Trabajo (CGT) en el que se consensuaron acciones conjuntas ante la crisis econ\u00f3mica que atraviesan a todos los sectores.<\/p>\n<p>Durante el encuentro, el Presidente de CGERA, Marcelo Fern\u00e1ndez, destac\u00f3 la nueva convocatoria de la central obrera a las PYMES y asegur\u00f3 que \u201ctenemos que pensar sectorial, grupal, y transversalmente en propuestas para salir de la crisis\u201d. \u201cSer\u00eda importante hacer un Congreso entre las dos instituciones para trabajar en las propuestas para que cuando vengan los candidatos sepan qu\u00e9 tienen que hacer con cada sector a partir del 11 de diciembre\u201d, agreg\u00f3.<\/p>\n<p><a href=\"http:\/\/www.cge-ra.org\/V16\/wp-content\/uploads\/2019\/05\/CGERA2.jpg\"><img decoding=\"async\" loading=\"lazy\" class=\"aligncenter size-large wp-image-1911\" src=\"http:\/\/www.cge-ra.org\/V16\/wp-content\/uploads\/2019\/05\/CGERA2-1024x564.jpg\" alt=\"\" width=\"618\" height=\"340\" srcset=\"https:\/\/www.cge-ra.org\/V16\/wp-content\/uploads\/2019\/05\/CGERA2-1024x564.jpg 1024w, https:\/\/www.cge-ra.org\/V16\/wp-content\/uploads\/2019\/05\/CGERA2-300x165.jpg 300w, https:\/\/www.cge-ra.org\/V16\/wp-content\/uploads\/2019\/05\/CGERA2-768x423.jpg 768w, https:\/\/www.cge-ra.org\/V16\/wp-content\/uploads\/2019\/05\/CGERA2.jpg 1280w\" sizes=\"(max-width: 618px) 100vw, 618px\" \/><\/a><\/p>\n<p>En este sentido, Fern\u00e1ndez record\u00f3 que \u201cla marcha del 4 de abril entre los empresarios PYME y la CGT fue muy importante\u201d, al tiempo que resalt\u00f3 que \u201clo m\u00e1s importante es tener visibilidad a trav\u00e9s de esta alianza estrat\u00e9gica entre empresarios y trabajadores\u201d. \u201cCelebro la responsabilidad del movimiento obrero, a pesar de que a\u00fan no se han acordado paritarias. Es fundamental recomponer el salario porque vivimos del mercado interno\u201d, a\u00f1adi\u00f3.<\/p>\n<p>En la misma l\u00ednea, el Vicepresidente de CGERA, Ariel Aguilar, asegur\u00f3 que \u201ces necesario un Congreso para discutir pol\u00edticas sectoriales porque en esta etapa estamos para construir\u201d. \u201cSi dicen que el paro es pol\u00edtico es porque elegir tener una Argentina productiva es una decisi\u00f3n pol\u00edtica\u201d, aclar\u00f3 Aguilar.<\/p>\n<p>Por su parte, el Secretario General de CGERA, Ra\u00fal Zylbersztein, advirti\u00f3 por la situaci\u00f3n de crisis que atraviesan los peque\u00f1os empresarios al precisar que \u201cno existe acceso al financiamiento y las cadenas de pago est\u00e1n rotas; esto hace que las empresas cierren\u201d. En este sentido, Zylbersztein sostuvo que \u201ces muy f\u00e1cil cerrar una empresa pero muy dif\u00edcil abrir\u201d.<\/p>\n<p>En tanto, el Secretario General de la CGT, H\u00e9ctor Daer, hizo hincapi\u00e9 en la relaci\u00f3n estrat\u00e9gica entre empresarios y trabajadores y afirm\u00f3: \u201ccon ustedes venimos trabajando por un pa\u00eds m\u00e1s justo\u201d. De esta manera, Daer indic\u00f3 que \u201cla situaci\u00f3n empeor\u00f3 y para ustedes es muy dif\u00edcil recomponer con el pico inflacionario\u201d. \u201cEstamos frente a las graves dificultades de muchos sectores de la econom\u00eda\u201d, a\u00f1adi\u00f3.<\/p>\n<p>Asimismo, el dirigente de la central obrera ratific\u00f3 que \u201cel rumbo debe ser en defensa del empleo, la actividad econ\u00f3mica y de todo el aparato productivo que genera la peque\u00f1a empresa que ofrece la posibilidad de mayores puestos trabajo pero est\u00e1 sufriendo los peores avatares\u201d.<\/p>\n<p>CGERA representa a miles de pymes agrupadas en m\u00e1s de 60 c\u00e1maras y federaciones de todo el pa\u00eds. Algunos de los sectores industriales que agrupa son: Manufacturas del Cuero, Indumentaria, Curtiembres, Exportadores pymes, de la Carne, Electr\u00f3nicos, Radiodifusores, Engordadores de Hacienda, Fabricantes de Tintas Gr\u00e1ficas, Metal\u00fargicos, Insumos textiles, del Juguete, Industria del Calzado, Herrajes, Productores Art\u00edsticos y Culturales, Seguridad, Construcci\u00f3n, Empresas Procesadoras Av\u00edcolas, Laboratorios, Farmacias, Textiles, Autopartes Pyme, Panaderil, Ferroviarios, Aires acondicionados, entre otros.<\/p>\n","protected":false},"excerpt":{"rendered":"<p>Empresarios PYMES de la Confederaci\u00f3n General Empresaria de la Rep\u00fablica Argentina (CGERA) mantuvieron un encuentro junto a la Confederaci\u00f3n General del Trabajo (CGT) en el que se consensuaron acciones conjuntas ante la crisis econ\u00f3mica que atraviesan a todos los sectores. Durante el encuentro, el Presidente de CGERA, Marcelo Fern\u00e1ndez, destac\u00f3 la nueva convocatoria de la &#8230;<\/p>\n","protected":false},"author":2,"featured_media":0,"comment_status":"closed","ping_status":"closed","sticky":false,"template":"","format":"standard","meta":[],"categories":[4,45,7],"tags":[],"_links":{"self":[{"href":"https:\/\/www.cge-ra.org\/V16\/wp-json\/wp\/v2\/posts\/1909"}],"collection":[{"href":"https:\/\/www.cge-ra.org\/V16\/wp-json\/wp\/v2\/posts"}],"about":[{"href":"https:\/\/www.cge-ra.org\/V16\/wp-json\/wp\/v2\/types\/post"}],"author":[{"embeddable":true,"href":"https:\/\/www.cge-ra.org\/V16\/wp-json\/wp\/v2\/users\/2"}],"replies":[{"embeddable":true,"href":"https:\/\/www.cge-ra.org\/V16\/wp-json\/wp\/v2\/comments?post=1909"}],"version-history":[{"count":2,"href":"https:\/\/www.cge-ra.org\/V16\/wp-json\/wp\/v2\/posts\/1909\/revisions"}],"predecessor-version":[{"id":1913,"href":"https:\/\/www.cge-ra.org\/V16\/wp-json\/wp\/v2\/posts\/1909\/revisions\/1913"}],"wp:attachment":[{"href":"https:\/\/www.cge-ra.org\/V16\/wp-json\/wp\/v2\/media?parent=1909"}],"wp:term":[{"taxonomy":"category","embeddable":true,"href":"https:\/\/www.cge-ra.org\/V16\/wp-json\/wp\/v2\/categories?post=1909"},{"taxonomy":"post_tag","embeddable":true,"href":"https:\/\/www.cge-ra.org\/V16\/wp-json\/wp\/v2\/tags?post=1909"}],"curies":[{"name":"wp","href":"https:\/\/api.w.org\/{rel}","templated":true}]}}