{"id":1914,"date":"2019-05-23T23:44:32","date_gmt":"2019-05-23T23:44:32","guid":{"rendered":"http:\/\/www.cge-ra.org\/V16\/?p=1914"},"modified":"2019-05-23T23:51:04","modified_gmt":"2019-05-23T23:51:04","slug":"daniel-scioli-le-presento-a-cgera-un-acta-de-compromiso-con-politicas-para-impulsar-a-las-pymes","status":"publish","type":"post","link":"https:\/\/www.cge-ra.org\/V16\/daniel-scioli-le-presento-a-cgera-un-acta-de-compromiso-con-politicas-para-impulsar-a-las-pymes\/","title":{"rendered":"Daniel Scioli le present\u00f3 a CGERA un Acta de Compromiso con pol\u00edticas para impulsar a las PYMES"},"content":{"rendered":"<p><a href=\"http:\/\/www.cge-ra.org\/V16\/wp-content\/uploads\/2019\/05\/MARCELO.jpg\"><img decoding=\"async\" loading=\"lazy\" class=\"aligncenter wp-image-1915\" src=\"http:\/\/www.cge-ra.org\/V16\/wp-content\/uploads\/2019\/05\/MARCELO-1024x891.jpg\" alt=\"\" width=\"470\" height=\"409\" srcset=\"https:\/\/www.cge-ra.org\/V16\/wp-content\/uploads\/2019\/05\/MARCELO.jpg 1024w, https:\/\/www.cge-ra.org\/V16\/wp-content\/uploads\/2019\/05\/MARCELO-300x261.jpg 300w, https:\/\/www.cge-ra.org\/V16\/wp-content\/uploads\/2019\/05\/MARCELO-768x668.jpg 768w\" sizes=\"(max-width: 470px) 100vw, 470px\" \/><\/a><\/p>\n<p>El Diputado Nacional y precandidato presidencial Daniel Scioli, le present\u00f3 al Presidente de la Confederaci\u00f3n General Empresaria de la Rep\u00fablica Argentina (CGERA), Marcelo Fern\u00e1ndez, un Acta de Compromiso para la Concertaci\u00f3n Nacional y la Recuperaci\u00f3n Econ\u00f3mica con propuestas para defender a la producci\u00f3n y el trabajo de las PYMES.<\/p>\n<p>En el marco de un acto en el Hotel Castelar en donde Scioli expuso sobre los Fundamentos y Principios para la Recuperaci\u00f3n Econ\u00f3mica y la Recuperaci\u00f3n Nacional, se suscribi\u00f3 el Acta que expresa su compromiso de cara a las PYMES en caso de ganar las elecciones presidenciales de este a\u00f1o.<\/p>\n<p>En este sentido, el legislador nacional asumi\u00f3 el compromiso \u201cde tomar medidas de gobierno para reactivar y defender la producci\u00f3n y el trabajo nacional\u201d. Las mismas, seg\u00fan expresa el documento suscripto, \u201cse llevar\u00e1n a cabo a trav\u00e9s de una gran concertaci\u00f3n nacional, a partir de una alianza estrat\u00e9gica entre trabajadores y empresarios, el campo, los sindicatos, las organizaciones sociales y las entidades financieras\u201d.<\/p>\n<p><a href=\"http:\/\/www.cge-ra.org\/V16\/wp-content\/uploads\/2019\/05\/SCIOLI2.png\"><img decoding=\"async\" loading=\"lazy\" class=\"aligncenter size-full wp-image-1916\" src=\"http:\/\/www.cge-ra.org\/V16\/wp-content\/uploads\/2019\/05\/SCIOLI2.png\" alt=\"\" width=\"728\" height=\"444\" srcset=\"https:\/\/www.cge-ra.org\/V16\/wp-content\/uploads\/2019\/05\/SCIOLI2.png 728w, https:\/\/www.cge-ra.org\/V16\/wp-content\/uploads\/2019\/05\/SCIOLI2-300x183.png 300w\" sizes=\"(max-width: 728px) 100vw, 728px\" \/><\/a><\/p>\n<p>De esta manera, el escrito precisa que \u201cla concertaci\u00f3n nacional tomar\u00e1 forma en un Consejo Productivo Nacional, que ser\u00e1 el encargado de consensuar las pol\u00edticas tendientes a la recuperaci\u00f3n del comercio y la industria nacional\u201d.<\/p>\n<p>Las iniciativas ser\u00e1n enviadas al Congreso para ser ratificadas, y darles un marco de sustentabilidad en el tiempo, m\u00e1s all\u00e1 de los cambios en el Poder Ejecutivo. Entre las mismas, se destacan la Baja de las tasas de inter\u00e9s de manera contundente para recuperar un sistema de cr\u00e9ditos accesibles para el consumo, para invertir, producir y exportar; una moratoria fiscal y financiera, seria y responsable, para las empresas en crisis que no pudieron cumplir con los vencimientos de sus deudas; Impulsar la Administraci\u00f3n inteligente de las reservas, para que las importaciones prioritarias sean aquellas que traigan al pa\u00eds bienes de capital intermedios, para aumentar la producci\u00f3n nacional.<\/p>\n<p><a href=\"http:\/\/www.cge-ra.org\/V16\/wp-content\/uploads\/2019\/05\/SCIOLI3.png\"><img decoding=\"async\" loading=\"lazy\" class=\"aligncenter size-full wp-image-1917\" src=\"http:\/\/www.cge-ra.org\/V16\/wp-content\/uploads\/2019\/05\/SCIOLI3.png\" alt=\"\" width=\"540\" height=\"315\" srcset=\"https:\/\/www.cge-ra.org\/V16\/wp-content\/uploads\/2019\/05\/SCIOLI3.png 540w, https:\/\/www.cge-ra.org\/V16\/wp-content\/uploads\/2019\/05\/SCIOLI3-300x175.png 300w\" sizes=\"(max-width: 540px) 100vw, 540px\" \/><\/a><\/p>\n<p>Asimismo, se propone la Eliminaci\u00f3n de las retenciones a las exportaciones de productos industrializados para colocar nuestros productos en el mundo y generar las divisas genuinas para poder crecer. Adem\u00e1s, se buscar\u00e1 la recuperaci\u00f3n inmediata del poder adquisitivo de los salarios, jubilaciones y pensiones, que en estos \u00faltimos 3 a\u00f1os fueron pulverizados frente a la inflaci\u00f3n; la eliminaci\u00f3n del impuesto a las ganancias para los trabajadores; el freno de los tarifazos; la reactivaci\u00f3n del mercado inmobiliario, con verdaderos cr\u00e9ditos hipotecarios, como suced\u00eda con el PROCREAR. Finalmente, Scioli propuso la simplificaci\u00f3n y reducci\u00f3n del sistema impositivo, en un gran acuerdo federal con los gobernadores; y la Creaci\u00f3n de una banca p\u00fablica de desarrollo.<\/p>\n","protected":false},"excerpt":{"rendered":"<p>El Diputado Nacional y precandidato presidencial Daniel Scioli, le present\u00f3 al Presidente de la Confederaci\u00f3n General Empresaria de la Rep\u00fablica Argentina (CGERA), Marcelo Fern\u00e1ndez, un Acta de Compromiso para la Concertaci\u00f3n Nacional y la Recuperaci\u00f3n Econ\u00f3mica con propuestas para defender a la producci\u00f3n y el trabajo de las PYMES. En el marco de un acto &#8230;<\/p>\n","protected":false},"author":2,"featured_media":1921,"comment_status":"closed","ping_status":"closed","sticky":false,"template":"","format":"standard","meta":[],"categories":[4,45,7],"tags":[],"_links":{"self":[{"href":"https:\/\/www.cge-ra.org\/V16\/wp-json\/wp\/v2\/posts\/1914"}],"collection":[{"href":"https:\/\/www.cge-ra.org\/V16\/wp-json\/wp\/v2\/posts"}],"about":[{"href":"https:\/\/www.cge-ra.org\/V16\/wp-json\/wp\/v2\/types\/post"}],"author":[{"embeddable":true,"href":"https:\/\/www.cge-ra.org\/V16\/wp-json\/wp\/v2\/users\/2"}],"replies":[{"embeddable":true,"href":"https:\/\/www.cge-ra.org\/V16\/wp-json\/wp\/v2\/comments?post=1914"}],"version-history":[{"count":3,"href":"https:\/\/www.cge-ra.org\/V16\/wp-json\/wp\/v2\/posts\/1914\/revisions"}],"predecessor-version":[{"id":1920,"href":"https:\/\/www.cge-ra.org\/V16\/wp-json\/wp\/v2\/posts\/1914\/revisions\/1920"}],"wp:featuredmedia":[{"embeddable":true,"href":"https:\/\/www.cge-ra.org\/V16\/wp-json\/wp\/v2\/media\/1921"}],"wp:attachment":[{"href":"https:\/\/www.cge-ra.org\/V16\/wp-json\/wp\/v2\/media?parent=1914"}],"wp:term":[{"taxonomy":"category","embeddable":true,"href":"https:\/\/www.cge-ra.org\/V16\/wp-json\/wp\/v2\/categories?post=1914"},{"taxonomy":"post_tag","embeddable":true,"href":"https:\/\/www.cge-ra.org\/V16\/wp-json\/wp\/v2\/tags?post=1914"}],"curies":[{"name":"wp","href":"https:\/\/api.w.org\/{rel}","templated":true}]}}