{"id":1928,"date":"2019-05-29T15:59:38","date_gmt":"2019-05-29T15:59:38","guid":{"rendered":"http:\/\/www.cge-ra.org\/V16\/?p=1928"},"modified":"2019-05-29T16:01:11","modified_gmt":"2019-05-29T16:01:11","slug":"zylbersztein-no-tenemos-en-la-politica-el-mismo-peso-que-las-pymes-tienen-para-la-economia-real-del-pais","status":"publish","type":"post","link":"https:\/\/www.cge-ra.org\/V16\/zylbersztein-no-tenemos-en-la-politica-el-mismo-peso-que-las-pymes-tienen-para-la-economia-real-del-pais\/","title":{"rendered":"Zylbersztein: \u201cNo tenemos en la pol\u00edtica el mismo peso que las Pymes tienen para la econom\u00eda real del pa\u00eds\u201d"},"content":{"rendered":"<p><a href=\"http:\/\/www.cge-ra.org\/V16\/wp-content\/uploads\/2019\/05\/e126c1fd-5bd0-45d5-8b29-871b7b3f827d.jpg\"><img decoding=\"async\" loading=\"lazy\" class=\"aligncenter size-large wp-image-1929\" src=\"http:\/\/www.cge-ra.org\/V16\/wp-content\/uploads\/2019\/05\/e126c1fd-5bd0-45d5-8b29-871b7b3f827d-1024x654.jpg\" alt=\"\" width=\"618\" height=\"395\" srcset=\"https:\/\/www.cge-ra.org\/V16\/wp-content\/uploads\/2019\/05\/e126c1fd-5bd0-45d5-8b29-871b7b3f827d-1024x654.jpg 1024w, https:\/\/www.cge-ra.org\/V16\/wp-content\/uploads\/2019\/05\/e126c1fd-5bd0-45d5-8b29-871b7b3f827d-300x192.jpg 300w, https:\/\/www.cge-ra.org\/V16\/wp-content\/uploads\/2019\/05\/e126c1fd-5bd0-45d5-8b29-871b7b3f827d-768x491.jpg 768w, https:\/\/www.cge-ra.org\/V16\/wp-content\/uploads\/2019\/05\/e126c1fd-5bd0-45d5-8b29-871b7b3f827d.jpg 1030w\" sizes=\"(max-width: 618px) 100vw, 618px\" \/><\/a><\/p>\n<p>El Secretario General de la Confederaci\u00f3n General Empresaria de la Rep\u00fablica Argentina (CGERA) y Presidente de la Federaci\u00f3n Econ\u00f3mica de la Ciudad de Buenos Aires, Ra\u00fal Zylbersztein, expuso en el evento \u201cPYMES en boca de todos, en la cabeza de pocos\u201d, organizado por el espacio Llamamiento PYME en la UTN.<\/p>\n<p>En este marco, Llamamiento PYME realiz\u00f3 su primera mesa debate en la que estuvieron presentes Hugo Ben\u00edtez, Secretario General de la AOT (Textiles) y de las 62 organizaciones sindicales; Sergio Abrevaya, legislador porte\u00f1o y referente del GEN; Claudio Vinci, empresario y Secretario General de la Uni\u00f3n Industrial de Avellaneda; y Sebasti\u00e1n Rossa del Centro de Estudiantes de la UTN.<\/p>\n<p>\u201cLa actividad se llama \u201cPymes, en boca de todos y en cabeza de pocos porque todos hablan de las Pymes, desde hace d\u00e9cadas, pero jam\u00e1s se realizan pol\u00edticas p\u00fablicas segmentadas\u201d, explic\u00f3 Zylbersztein. En este sentido, el dirigente de CGERA advirti\u00f3 que \u201cno tenemos en la pol\u00edtica el mismo peso que las Pymes tienen para la econom\u00eda real del pa\u00eds\u201d.<\/p>\n<p>En esta l\u00ednea, durante el encuentro se coincidi\u00f3 en la necesidad de la alianza entre Empresarios Pymes y trabajadores, y en trabajar en la conciencia de las Pymes para unirse y lograr el objetivo de un pa\u00eds productivo.<\/p>\n","protected":false},"excerpt":{"rendered":"<p>El Secretario General de la Confederaci\u00f3n General Empresaria de la Rep\u00fablica Argentina (CGERA) y Presidente de la Federaci\u00f3n Econ\u00f3mica de la Ciudad de Buenos Aires, Ra\u00fal Zylbersztein, expuso en el evento \u201cPYMES en boca de todos, en la cabeza de pocos\u201d, organizado por el espacio Llamamiento PYME en la UTN. En este marco, Llamamiento PYME &#8230;<\/p>\n","protected":false},"author":2,"featured_media":1929,"comment_status":"closed","ping_status":"closed","sticky":false,"template":"","format":"standard","meta":[],"categories":[4],"tags":[],"_links":{"self":[{"href":"https:\/\/www.cge-ra.org\/V16\/wp-json\/wp\/v2\/posts\/1928"}],"collection":[{"href":"https:\/\/www.cge-ra.org\/V16\/wp-json\/wp\/v2\/posts"}],"about":[{"href":"https:\/\/www.cge-ra.org\/V16\/wp-json\/wp\/v2\/types\/post"}],"author":[{"embeddable":true,"href":"https:\/\/www.cge-ra.org\/V16\/wp-json\/wp\/v2\/users\/2"}],"replies":[{"embeddable":true,"href":"https:\/\/www.cge-ra.org\/V16\/wp-json\/wp\/v2\/comments?post=1928"}],"version-history":[{"count":2,"href":"https:\/\/www.cge-ra.org\/V16\/wp-json\/wp\/v2\/posts\/1928\/revisions"}],"predecessor-version":[{"id":1931,"href":"https:\/\/www.cge-ra.org\/V16\/wp-json\/wp\/v2\/posts\/1928\/revisions\/1931"}],"wp:featuredmedia":[{"embeddable":true,"href":"https:\/\/www.cge-ra.org\/V16\/wp-json\/wp\/v2\/media\/1929"}],"wp:attachment":[{"href":"https:\/\/www.cge-ra.org\/V16\/wp-json\/wp\/v2\/media?parent=1928"}],"wp:term":[{"taxonomy":"category","embeddable":true,"href":"https:\/\/www.cge-ra.org\/V16\/wp-json\/wp\/v2\/categories?post=1928"},{"taxonomy":"post_tag","embeddable":true,"href":"https:\/\/www.cge-ra.org\/V16\/wp-json\/wp\/v2\/tags?post=1928"}],"curies":[{"name":"wp","href":"https:\/\/api.w.org\/{rel}","templated":true}]}}