{"id":1933,"date":"2019-06-05T23:53:40","date_gmt":"2019-06-05T23:53:40","guid":{"rendered":"http:\/\/www.cge-ra.org\/V16\/?p=1933"},"modified":"2019-06-05T23:53:40","modified_gmt":"2019-06-05T23:53:40","slug":"marcelo-fernandez-la-pesada-herencia-sera-la-inactividad","status":"publish","type":"post","link":"https:\/\/www.cge-ra.org\/V16\/marcelo-fernandez-la-pesada-herencia-sera-la-inactividad\/","title":{"rendered":"Marcelo Fern\u00e1ndez: \u201cLa pesada herencia ser\u00e1 la inactividad\u201d"},"content":{"rendered":"<p><a href=\"http:\/\/www.cge-ra.org\/V16\/wp-content\/uploads\/2019\/06\/QUILMES.jpg\"><img decoding=\"async\" loading=\"lazy\" class=\"aligncenter size-large wp-image-1934\" src=\"http:\/\/www.cge-ra.org\/V16\/wp-content\/uploads\/2019\/06\/QUILMES-1024x768.jpg\" alt=\"\" width=\"618\" height=\"464\" srcset=\"https:\/\/www.cge-ra.org\/V16\/wp-content\/uploads\/2019\/06\/QUILMES-1024x768.jpg 1024w, https:\/\/www.cge-ra.org\/V16\/wp-content\/uploads\/2019\/06\/QUILMES-300x225.jpg 300w, https:\/\/www.cge-ra.org\/V16\/wp-content\/uploads\/2019\/06\/QUILMES-768x576.jpg 768w, https:\/\/www.cge-ra.org\/V16\/wp-content\/uploads\/2019\/06\/QUILMES.jpg 1032w\" sizes=\"(max-width: 618px) 100vw, 618px\" \/><\/a><\/p>\n<p>El Presidente de la Confederaci\u00f3n General Empresaria de la Rep\u00fablica Argentina (CGERA), Marcelo Fern\u00e1ndez, expuso en el marco de la jornada \u201cEl rol de las PYMES en el desarrollo regional y la generaci\u00f3n de empleo\u201d desarrollada en la Universidad Nacional de Quilmes.<\/p>\n<p>Ante m\u00e1s de 100 estudiantes de la Tecnicatura PYME, Gesti\u00f3n de Recursos Humanos, y Ciencias Econ\u00f3micas, Fern\u00e1ndez explic\u00f3 la situaci\u00f3n actual productiva de las Peque\u00f1as y Medianas Empresas y sostuvo que \u201cla pesada herencia que dejar\u00e1 el actual gobierno ser\u00e1 la inactividad que atraviesa actualmente a todos los sectores\u201d.<\/p>\n<p>Asimismo, destac\u00f3 \u201cla necesidad estrat\u00e9gica entre el sector productivo, el laboral y las universidades, para desarrollar cada regi\u00f3n del pa\u00eds\u201d.<\/p>\n","protected":false},"excerpt":{"rendered":"<p>El Presidente de la Confederaci\u00f3n General Empresaria de la Rep\u00fablica Argentina (CGERA), Marcelo Fern\u00e1ndez, expuso en el marco de la jornada \u201cEl rol de las PYMES en el desarrollo regional y la generaci\u00f3n de empleo\u201d desarrollada en la Universidad Nacional de Quilmes. Ante m\u00e1s de 100 estudiantes de la Tecnicatura PYME, Gesti\u00f3n de Recursos Humanos, &#8230;<\/p>\n","protected":false},"author":2,"featured_media":1934,"comment_status":"closed","ping_status":"closed","sticky":false,"template":"","format":"standard","meta":[],"categories":[4,7],"tags":[],"_links":{"self":[{"href":"https:\/\/www.cge-ra.org\/V16\/wp-json\/wp\/v2\/posts\/1933"}],"collection":[{"href":"https:\/\/www.cge-ra.org\/V16\/wp-json\/wp\/v2\/posts"}],"about":[{"href":"https:\/\/www.cge-ra.org\/V16\/wp-json\/wp\/v2\/types\/post"}],"author":[{"embeddable":true,"href":"https:\/\/www.cge-ra.org\/V16\/wp-json\/wp\/v2\/users\/2"}],"replies":[{"embeddable":true,"href":"https:\/\/www.cge-ra.org\/V16\/wp-json\/wp\/v2\/comments?post=1933"}],"version-history":[{"count":1,"href":"https:\/\/www.cge-ra.org\/V16\/wp-json\/wp\/v2\/posts\/1933\/revisions"}],"predecessor-version":[{"id":1935,"href":"https:\/\/www.cge-ra.org\/V16\/wp-json\/wp\/v2\/posts\/1933\/revisions\/1935"}],"wp:featuredmedia":[{"embeddable":true,"href":"https:\/\/www.cge-ra.org\/V16\/wp-json\/wp\/v2\/media\/1934"}],"wp:attachment":[{"href":"https:\/\/www.cge-ra.org\/V16\/wp-json\/wp\/v2\/media?parent=1933"}],"wp:term":[{"taxonomy":"category","embeddable":true,"href":"https:\/\/www.cge-ra.org\/V16\/wp-json\/wp\/v2\/categories?post=1933"},{"taxonomy":"post_tag","embeddable":true,"href":"https:\/\/www.cge-ra.org\/V16\/wp-json\/wp\/v2\/tags?post=1933"}],"curies":[{"name":"wp","href":"https:\/\/api.w.org\/{rel}","templated":true}]}}