{"id":1948,"date":"2019-06-26T18:42:41","date_gmt":"2019-06-26T18:42:41","guid":{"rendered":"http:\/\/www.cge-ra.org\/V16\/?p=1948"},"modified":"2019-06-26T18:44:45","modified_gmt":"2019-06-26T18:44:45","slug":"cgera-y-cepba-participaron-del-5-salon-del-emprendedor","status":"publish","type":"post","link":"https:\/\/www.cge-ra.org\/V16\/cgera-y-cepba-participaron-del-5-salon-del-emprendedor\/","title":{"rendered":"CGERA y CEPBA participaron del 5\u00b0 Sal\u00f3n del Emprendedor"},"content":{"rendered":"<p><a href=\"http:\/\/www.cge-ra.org\/V16\/wp-content\/uploads\/2019\/06\/1.jpg\"><img decoding=\"async\" loading=\"lazy\" class=\"aligncenter size-large wp-image-1949\" src=\"http:\/\/www.cge-ra.org\/V16\/wp-content\/uploads\/2019\/06\/1-1024x768.jpg\" alt=\"\" width=\"618\" height=\"464\" srcset=\"https:\/\/www.cge-ra.org\/V16\/wp-content\/uploads\/2019\/06\/1-1024x768.jpg 1024w, https:\/\/www.cge-ra.org\/V16\/wp-content\/uploads\/2019\/06\/1-300x225.jpg 300w, https:\/\/www.cge-ra.org\/V16\/wp-content\/uploads\/2019\/06\/1-768x576.jpg 768w, https:\/\/www.cge-ra.org\/V16\/wp-content\/uploads\/2019\/06\/1.jpg 1280w\" sizes=\"(max-width: 618px) 100vw, 618px\" \/><\/a><\/p>\n<p>El Presidente de la Confederaci\u00f3n Econ\u00f3mica de la Provincia de Buenos Aires (CEPBA) y dirigente de CGERA, Guillermo Siro, particip\u00f3 en una jornada de trabajo junto a m\u00e1s de 140 emprendedores en el marco del 5\u00b0 Sal\u00f3n del Emprendedor.<\/p>\n<p>Durante el encuentro, Siro brind\u00f3 una capacitaci\u00f3n y explic\u00f3 las herramientas que nivel nacional y provincial se otorgan para el apalancamiento de los procesos productivos. Adem\u00e1s, se explay\u00f3 sobre las estrategias de formaci\u00f3n profesional que la Red de Centros de Formaci\u00f3n Profesional desarrolla junto a CEPBA para mejorar la competitividad y la productividad de las PYMES locales.<\/p>\n<p>El dirigente de CGERA acord\u00f3 junto al intendente de Tres Arroyos y la Confederaci\u00f3n Econ\u00f3mica del municipio, desarrollar acciones de formaci\u00f3n en Atenci\u00f3n al Cliente y Ventas para los asociados de la entidad, emprendedores y desocupados.<\/p>\n<p><a href=\"http:\/\/www.cge-ra.org\/V16\/wp-content\/uploads\/2019\/06\/2.jpg\"><img decoding=\"async\" loading=\"lazy\" class=\"aligncenter size-large wp-image-1950\" src=\"http:\/\/www.cge-ra.org\/V16\/wp-content\/uploads\/2019\/06\/2-1024x768.jpg\" alt=\"\" width=\"618\" height=\"464\" srcset=\"https:\/\/www.cge-ra.org\/V16\/wp-content\/uploads\/2019\/06\/2-1024x768.jpg 1024w, https:\/\/www.cge-ra.org\/V16\/wp-content\/uploads\/2019\/06\/2-300x225.jpg 300w, https:\/\/www.cge-ra.org\/V16\/wp-content\/uploads\/2019\/06\/2-768x576.jpg 768w, https:\/\/www.cge-ra.org\/V16\/wp-content\/uploads\/2019\/06\/2.jpg 1280w\" sizes=\"(max-width: 618px) 100vw, 618px\" \/><\/a><\/p>\n<p>\u201cLa situaci\u00f3n dif\u00edcil que est\u00e1 viviendo el sector productivo se nota tambi\u00e9n en Tres Arroyos, m\u00e1s all\u00e1 de ser una zona agropecuaria, ya que hay cierres de empresas y algunas de producci\u00f3n de alimentos est\u00e1n en crisis. Por eso es importante trabajar porque siempre que llovi\u00f3 par\u00f3 y hay que estar preparados para los tiempos que se vienen para que con la producci\u00f3n, el trabajo, y la capacitaci\u00f3n podamos promover la sustentabilidad de las actividades econ\u00f3micas en la provincia de Buenos Aires y el pa\u00eds\u201d.<\/p>\n<p>La actividad fue desarrollada junto a la Municipalidad de Tres Arroyos y la participaci\u00f3n de emprendedores de Benito Ju\u00e1rez, Gonz\u00e1lez Ch\u00e1vez y otros municipios.<a href=\"http:\/\/www.cge-ra.org\/V16\/wp-content\/uploads\/2019\/06\/3.jpg\"><img decoding=\"async\" loading=\"lazy\" class=\"aligncenter size-large wp-image-1951\" src=\"http:\/\/www.cge-ra.org\/V16\/wp-content\/uploads\/2019\/06\/3-1024x768.jpg\" alt=\"\" width=\"618\" height=\"464\" srcset=\"https:\/\/www.cge-ra.org\/V16\/wp-content\/uploads\/2019\/06\/3-1024x768.jpg 1024w, https:\/\/www.cge-ra.org\/V16\/wp-content\/uploads\/2019\/06\/3-300x225.jpg 300w, https:\/\/www.cge-ra.org\/V16\/wp-content\/uploads\/2019\/06\/3-768x576.jpg 768w, https:\/\/www.cge-ra.org\/V16\/wp-content\/uploads\/2019\/06\/3.jpg 1280w\" sizes=\"(max-width: 618px) 100vw, 618px\" \/><\/a><\/p>\n","protected":false},"excerpt":{"rendered":"<p>El Presidente de la Confederaci\u00f3n Econ\u00f3mica de la Provincia de Buenos Aires (CEPBA) y dirigente de CGERA, Guillermo Siro, particip\u00f3 en una jornada de trabajo junto a m\u00e1s de 140 emprendedores en el marco del 5\u00b0 Sal\u00f3n del Emprendedor. Durante el encuentro, Siro brind\u00f3 una capacitaci\u00f3n y explic\u00f3 las herramientas que nivel nacional y provincial &#8230;<\/p>\n","protected":false},"author":2,"featured_media":0,"comment_status":"closed","ping_status":"closed","sticky":false,"template":"","format":"standard","meta":[],"categories":[4,5,7],"tags":[],"_links":{"self":[{"href":"https:\/\/www.cge-ra.org\/V16\/wp-json\/wp\/v2\/posts\/1948"}],"collection":[{"href":"https:\/\/www.cge-ra.org\/V16\/wp-json\/wp\/v2\/posts"}],"about":[{"href":"https:\/\/www.cge-ra.org\/V16\/wp-json\/wp\/v2\/types\/post"}],"author":[{"embeddable":true,"href":"https:\/\/www.cge-ra.org\/V16\/wp-json\/wp\/v2\/users\/2"}],"replies":[{"embeddable":true,"href":"https:\/\/www.cge-ra.org\/V16\/wp-json\/wp\/v2\/comments?post=1948"}],"version-history":[{"count":1,"href":"https:\/\/www.cge-ra.org\/V16\/wp-json\/wp\/v2\/posts\/1948\/revisions"}],"predecessor-version":[{"id":1952,"href":"https:\/\/www.cge-ra.org\/V16\/wp-json\/wp\/v2\/posts\/1948\/revisions\/1952"}],"wp:attachment":[{"href":"https:\/\/www.cge-ra.org\/V16\/wp-json\/wp\/v2\/media?parent=1948"}],"wp:term":[{"taxonomy":"category","embeddable":true,"href":"https:\/\/www.cge-ra.org\/V16\/wp-json\/wp\/v2\/categories?post=1948"},{"taxonomy":"post_tag","embeddable":true,"href":"https:\/\/www.cge-ra.org\/V16\/wp-json\/wp\/v2\/tags?post=1948"}],"curies":[{"name":"wp","href":"https:\/\/api.w.org\/{rel}","templated":true}]}}