{"id":1953,"date":"2019-06-27T15:41:56","date_gmt":"2019-06-27T15:41:56","guid":{"rendered":"http:\/\/www.cge-ra.org\/V16\/?p=1953"},"modified":"2019-06-27T15:43:56","modified_gmt":"2019-06-27T15:43:56","slug":"mas-de-1-300-presos-asistieron-a-los-cursos-de-formacion-profesional-de-cgera-en-las-carceles-bonaerenses","status":"publish","type":"post","link":"https:\/\/www.cge-ra.org\/V16\/mas-de-1-300-presos-asistieron-a-los-cursos-de-formacion-profesional-de-cgera-en-las-carceles-bonaerenses\/","title":{"rendered":"M\u00e1s de 1.300 presos asistieron a los cursos de formaci\u00f3n profesional de CGERA en las c\u00e1rceles bonaerenses"},"content":{"rendered":"<p><a href=\"http:\/\/www.cge-ra.org\/V16\/wp-content\/uploads\/2019\/06\/65263395_2148086535308897_175767623873593344_n.jpg\"><img decoding=\"async\" loading=\"lazy\" class=\"aligncenter size-full wp-image-1955\" src=\"http:\/\/www.cge-ra.org\/V16\/wp-content\/uploads\/2019\/06\/65263395_2148086535308897_175767623873593344_n.jpg\" alt=\"\" width=\"960\" height=\"637\" srcset=\"https:\/\/www.cge-ra.org\/V16\/wp-content\/uploads\/2019\/06\/65263395_2148086535308897_175767623873593344_n.jpg 960w, https:\/\/www.cge-ra.org\/V16\/wp-content\/uploads\/2019\/06\/65263395_2148086535308897_175767623873593344_n-300x199.jpg 300w, https:\/\/www.cge-ra.org\/V16\/wp-content\/uploads\/2019\/06\/65263395_2148086535308897_175767623873593344_n-768x510.jpg 768w, https:\/\/www.cge-ra.org\/V16\/wp-content\/uploads\/2019\/06\/65263395_2148086535308897_175767623873593344_n-310x205.jpg 310w\" sizes=\"(max-width: 960px) 100vw, 960px\" \/><\/a><\/p>\n<p>M\u00e1s de 1300 privados de libertad de doce establecimientos penitenciarios de la provincia de Buenos Aires fueron o est\u00e1n siendo capacitados en cursos de formaci\u00f3n en oficios dictados por la Confederaci\u00f3n General Empresaria de la Rep\u00fablica Argentina (<a class=\"profileLink\" href=\"https:\/\/www.facebook.com\/CGERargentina\/?__xts__%5B0%5D=68.ARCXaM-bgz-acjhAr2oaEvZ0tdVrL27-QY3DhCKd7cNM-B2C0pk3h0vFEroGLhoAc7Awu1fsA0TfH_GwCnOhYj1mJacAYeXTBBS19yaQqCjvnBPpyt3CbYUkRSiNL-SBlx48GVbvygtSVRQb6QBtkqo7cByXAkQyhPQa-oemHOyMiltYg8Y0Apt1Ci_CK2K30jYs7DQ8GDXZT9Pp5vWT5_72m4tDI1eaqyWCLmnbeBKiTkJrIz86XndV37wSnj43pfpAg7qbSnEMFjaCKb94bOAaR-jqQKMYjTTDCQ5TWxiaN_0hi5wFrkf6VJSVlxNP7V9IQuEOfmibU8mxZWvJlkSlFg&amp;__xts__%5B1%5D=68.ARAkeHqtPO-ioJUqRfObPe9YX3rlVbprEVMJsGBci0HhaSzuYUyT_ei7I-ZYNnz92xwI6U2RaKspzrj57vkiOgfb76NoohXGOlnl6PAsgw9xpPv3Ua2TAl6T6Q-gw-1LduUa2mkERv_NwaFOzCgHk6N4jsmzV4lXFC-njR68Fn6dIkRlRr93Qc0tk65-QGcv-fsZ_d2H8RXaj8sY7G8DnFO60XMyAFvBHQx1RSpZkcouZ_mPqVcq8p7V3pNCZ5T7xtIF3gY3nkFh4Eji6D1ahH0J_SwD_GF6ncOkDkp5uxrCd0DQ4mcP06Z_nOHKKkWjmjwq3XbxUyp00qiyDaOI2cQ3xQ&amp;__tn__=K-R&amp;eid=ARDAT-Y1yMxm50CwN4u3PkAOydGb-FKfcgtwygzWwb4ZzK7OdqiIeZtfUccHgQO1ig3o31c7CdBEhOFD&amp;fref=mentions\" data-hovercard=\"\/ajax\/hovercard\/page.php?id=292621740855395&amp;extragetparams=%7B%22__tn__%22%3A%22%2CdK-R-R%22%2C%22eid%22%3A%22ARDAT-Y1yMxm50CwN4u3PkAOydGb-FKfcgtwygzWwb4ZzK7OdqiIeZtfUccHgQO1ig3o31c7CdBEhOFD%22%2C%22fref%22%3A%22mentions%22%7D\" data-hovercard-prefer-more-content-show=\"1\">CGERA<\/a>), tras un convenio firmado con el Ministerio de Justicia bonaerense y la cartera de Empleo, Trabajo y Seguridad Social de la Naci\u00f3n.<\/p>\n<p>Mec\u00e1nica de motos en los niveles introductorio, b\u00e1sica y avanzada, marroquiner\u00eda, confeccionista textil, gesti\u00f3n en negocios y productor de calzados, fueron algunos de los oficios brindados en las Unidades 1 Olmos, 8 y 33 Los Hornos, 9 La Plata, 10 y 45 Melchor Romero, 12 y 18 Gorina, 23 y 54 Florencio Varela, 47 San Mart\u00edn y 57 Campana.<\/p>\n<p>Desde diciembre de 2016 y hasta la actualidad se dictaron 64 cursos de entre 36 y 120 horas c\u00e1tedras, con clases te\u00f3ricas y pr\u00e1cticas.<\/p>\n<p>El \u00e9xito de la propuesta favoreci\u00f3 para que prontamente se inaugure un pabell\u00f3n en la Unidad 1 Olmos, al que denominar\u00e1n CGERA, que ser\u00e1 habitado exclusivamente por internos que est\u00e9n inscriptos en los cursos de formaci\u00f3n laboral dictados por esa c\u00e1mara empresarial.<br \/>\n<a class=\"profileLink\" title=\"Guillermo Fabian Siro\" href=\"https:\/\/www.facebook.com\/guillermofabian.siro?__tn__=K-R&amp;eid=ARBp_XiYjHWl_SpIFGETsBZZWzXLNYLsjFmv6afbdRD7BvozHUyzBQGf794h6XUV_BzvRs_ahJxPf08e&amp;fref=mentions&amp;__xts__%5B0%5D=68.ARAkeHqtPO-ioJUqRfObPe9YX3rlVbprEVMJsGBci0HhaSzuYUyT_ei7I-ZYNnz92xwI6U2RaKspzrj57vkiOgfb76NoohXGOlnl6PAsgw9xpPv3Ua2TAl6T6Q-gw-1LduUa2mkERv_NwaFOzCgHk6N4jsmzV4lXFC-njR68Fn6dIkRlRr93Qc0tk65-QGcv-fsZ_d2H8RXaj8sY7G8DnFO60XMyAFvBHQx1RSpZkcouZ_mPqVcq8p7V3pNCZ5T7xtIF3gY3nkFh4Eji6D1ahH0J_SwD_GF6ncOkDkp5uxrCd0DQ4mcP06Z_nOHKKkWjmjwq3XbxUyp00qiyDaOI2cQ3xQ\" data-hovercard=\"\/ajax\/hovercard\/user.php?id=100000861627277&amp;extragetparams=%7B%22__tn__%22%3A%22%2CdK-R-R%22%2C%22eid%22%3A%22ARBp_XiYjHWl_SpIFGETsBZZWzXLNYLsjFmv6afbdRD7BvozHUyzBQGf794h6XUV_BzvRs_ahJxPf08e%22%2C%22fref%22%3A%22mentions%22%7D\" data-hovercard-prefer-more-content-show=\"1\">Guillermo Fabian Siro<\/a>\u00a0es el presidente de la Confederaci\u00f3n Empresarial de la Provincia de Buenos Aires (<a class=\"profileLink\" href=\"https:\/\/www.facebook.com\/cepba.confederacion\/?__xts__%5B0%5D=68.ARCXaM-bgz-acjhAr2oaEvZ0tdVrL27-QY3DhCKd7cNM-B2C0pk3h0vFEroGLhoAc7Awu1fsA0TfH_GwCnOhYj1mJacAYeXTBBS19yaQqCjvnBPpyt3CbYUkRSiNL-SBlx48GVbvygtSVRQb6QBtkqo7cByXAkQyhPQa-oemHOyMiltYg8Y0Apt1Ci_CK2K30jYs7DQ8GDXZT9Pp5vWT5_72m4tDI1eaqyWCLmnbeBKiTkJrIz86XndV37wSnj43pfpAg7qbSnEMFjaCKb94bOAaR-jqQKMYjTTDCQ5TWxiaN_0hi5wFrkf6VJSVlxNP7V9IQuEOfmibU8mxZWvJlkSlFg&amp;__xts__%5B1%5D=68.ARAkeHqtPO-ioJUqRfObPe9YX3rlVbprEVMJsGBci0HhaSzuYUyT_ei7I-ZYNnz92xwI6U2RaKspzrj57vkiOgfb76NoohXGOlnl6PAsgw9xpPv3Ua2TAl6T6Q-gw-1LduUa2mkERv_NwaFOzCgHk6N4jsmzV4lXFC-njR68Fn6dIkRlRr93Qc0tk65-QGcv-fsZ_d2H8RXaj8sY7G8DnFO60XMyAFvBHQx1RSpZkcouZ_mPqVcq8p7V3pNCZ5T7xtIF3gY3nkFh4Eji6D1ahH0J_SwD_GF6ncOkDkp5uxrCd0DQ4mcP06Z_nOHKKkWjmjwq3XbxUyp00qiyDaOI2cQ3xQ&amp;__tn__=K-R&amp;eid=ARAKCtZVUqJrezXt3fhaHStXlc32tc37idp01GnbXzhaqdWiN3yFsmo-E8xTNTRuw20q5xbz4s5RzQhp&amp;fref=mentions\" data-hovercard=\"\/ajax\/hovercard\/page.php?id=205351972842350&amp;extragetparams=%7B%22__tn__%22%3A%22%2CdK-R-R%22%2C%22eid%22%3A%22ARAKCtZVUqJrezXt3fhaHStXlc32tc37idp01GnbXzhaqdWiN3yFsmo-E8xTNTRuw20q5xbz4s5RzQhp%22%2C%22fref%22%3A%22mentions%22%7D\" data-hovercard-prefer-more-content-show=\"1\">CEPBA<\/a>) y quien coordina los cursos de formaci\u00f3n.<\/p>\n<p>Siro explic\u00f3 que \u201ces importante poner de relieve que la educaci\u00f3n, tanto formal como no formal, es considerada por especialistas en la materia como la mejor herramienta de reinserci\u00f3n en la sociedad para las poblaciones en situaci\u00f3n de encierro, una vez cumplidas las penas\u201d. Y luego agreg\u00f3: \u201cLa formaci\u00f3n otorgada es una herramienta real de inclusi\u00f3n y reinserci\u00f3n social, ya que permite construir subjetividades que se orienten al trabajo como medio de vida, generando as\u00ed un c\u00edrculo virtuoso de inclusi\u00f3n social\u201d.<\/p>\n<p>El ministro de Justicia de la provincia de Buenos Aires, Gustavo Ferrari, analiz\u00f3 los logros del acuerdo con CGERA y afirm\u00f3: \u201cObservamos durante el proceso formativo un creciente compromiso de los alumnos, motivados por el aprendizaje de oficios que les permiten vislumbrar un futuro con mayores herramientas para su desarrollo personal\u201d.<\/p>\n<p>Los cursos tienen una matr\u00edcula de 20 con dos encuentros semanales de cuatro horas.<\/p>\n<p>Cabe destacar que en la Unidad 18 Gorina avanza la puesta en valor de un espacio para que los internos puedan recibir las clases de formaci\u00f3n laboral. Est\u00e1 previsto el dictado de los cursos de Atenci\u00f3n al cliente y Gesti\u00f3n Inmobiliaria.<\/p>\n<p>De los 1309 privados de libertad que se inscribieron, 300 fueron mujeres. Y ahora, de los egresados que contin\u00faan alojados en el \u00e1mbito del Servicio Penitenciario Bonaerense, van a recibir un entrenamiento de trabajo a fin de lograr mayor efectividad productiva con cronometrizaci\u00f3n de tiempos.<\/p>\n<p>A partir del mes pr\u00f3ximo CGERA va a formar en mec\u00e1nica de moto y en impresi\u00f3n 3D a internos j\u00f3venes adultos alojados en la c\u00e1rcel modelo de Campana. Se trata de la Unidad 57, inaugurada en febrero pasado por la gobernadora bonaerense, Mar\u00eda Eugenia Vidal, la que tiene capacidad para m\u00e1s de 600 plazas.<\/p>\n","protected":false},"excerpt":{"rendered":"<p>M\u00e1s de 1300 privados de libertad de doce establecimientos penitenciarios de la provincia de Buenos Aires fueron o est\u00e1n siendo capacitados en cursos de formaci\u00f3n en oficios dictados por la Confederaci\u00f3n General Empresaria de la Rep\u00fablica Argentina (CGERA), tras un convenio firmado con el Ministerio de Justicia bonaerense y la cartera de Empleo, Trabajo y &#8230;<\/p>\n","protected":false},"author":2,"featured_media":1955,"comment_status":"closed","ping_status":"closed","sticky":false,"template":"","format":"standard","meta":[],"categories":[4,5,7],"tags":[],"_links":{"self":[{"href":"https:\/\/www.cge-ra.org\/V16\/wp-json\/wp\/v2\/posts\/1953"}],"collection":[{"href":"https:\/\/www.cge-ra.org\/V16\/wp-json\/wp\/v2\/posts"}],"about":[{"href":"https:\/\/www.cge-ra.org\/V16\/wp-json\/wp\/v2\/types\/post"}],"author":[{"embeddable":true,"href":"https:\/\/www.cge-ra.org\/V16\/wp-json\/wp\/v2\/users\/2"}],"replies":[{"embeddable":true,"href":"https:\/\/www.cge-ra.org\/V16\/wp-json\/wp\/v2\/comments?post=1953"}],"version-history":[{"count":1,"href":"https:\/\/www.cge-ra.org\/V16\/wp-json\/wp\/v2\/posts\/1953\/revisions"}],"predecessor-version":[{"id":1956,"href":"https:\/\/www.cge-ra.org\/V16\/wp-json\/wp\/v2\/posts\/1953\/revisions\/1956"}],"wp:featuredmedia":[{"embeddable":true,"href":"https:\/\/www.cge-ra.org\/V16\/wp-json\/wp\/v2\/media\/1955"}],"wp:attachment":[{"href":"https:\/\/www.cge-ra.org\/V16\/wp-json\/wp\/v2\/media?parent=1953"}],"wp:term":[{"taxonomy":"category","embeddable":true,"href":"https:\/\/www.cge-ra.org\/V16\/wp-json\/wp\/v2\/categories?post=1953"},{"taxonomy":"post_tag","embeddable":true,"href":"https:\/\/www.cge-ra.org\/V16\/wp-json\/wp\/v2\/tags?post=1953"}],"curies":[{"name":"wp","href":"https:\/\/api.w.org\/{rel}","templated":true}]}}