{"id":1963,"date":"2019-07-04T16:31:02","date_gmt":"2019-07-04T16:31:02","guid":{"rendered":"http:\/\/www.cge-ra.org\/V16\/?p=1963"},"modified":"2019-07-04T16:31:02","modified_gmt":"2019-07-04T16:31:02","slug":"cgera-fue-excluida-de-la-reunion-sobre-el-acuerdo-mercosur-ue","status":"publish","type":"post","link":"https:\/\/www.cge-ra.org\/V16\/cgera-fue-excluida-de-la-reunion-sobre-el-acuerdo-mercosur-ue\/","title":{"rendered":"CGERA fue excluida de la reuni\u00f3n sobre el acuerdo Mercosur \u2013 UE"},"content":{"rendered":"<div id=\":a2\" class=\"a3s aXjCH \">\n<div dir=\"ltr\">La Confederaci\u00f3n General Empresaria (CGERA) que agrupa a m\u00e1s de 40 c\u00e1maras PYMES no fue invitada a participar en la reuni\u00f3n explicativa del acuerdo entre el MERCOSUR y la Uni\u00f3n Europea realizada este mi\u00e9rcoles en la Residencia de Olivos.<\/p>\n<p>\u201cSolo por expresar nuestras discrepancias con las actuales pol\u00edticas y la situaci\u00f3n de las Pymes estaremos tildados de opositores. Siempre sostuvimos que el Gobierno puede invitar a quien quiere, pero en esta situaci\u00f3n hubi\u00e9ramos querido informar a nuestras C\u00e1maras asociadas la letra real del acuerdo. Lo haremos por la informaci\u00f3n que nos den los medios\u201d, sostuvo Marcelo Fern\u00e1ndez, Presidente de CGERA.<\/p>\n<p>En este sentido, Fern\u00e1ndez lament\u00f3 que el Gobierno haya decidido excluir a CGERA de la explicaci\u00f3n \u201cde un acuerdo que va a perjudicar mucho m\u00e1s en las PYMES si se llegara a aprobar en el Congreso mucho m\u00e1s que a las grandes empresas\u201d. \u00a0\u201cUno tiene derecho a invitar a quien quiera, pero nosotros tambi\u00e9n tenemos derecho de decir lo que nos pasa\u201d, agreg\u00f3.<\/p>\n<p>Asimismo, advirti\u00f3 que \u201clos sectores que representa CGERA son los que vamos a tender a importar\u201d ya que \u201clos europeos, que marcan tendencia, no puedan vender en su mercado interno la mercader\u00eda, la van a enviar hacia la Argentina con certificado de origen europeo a precio de liquidaci\u00f3n, y todas nuestras industrias van a desaparecer\u201d.<\/p><\/div>\n<\/div>\n","protected":false},"excerpt":{"rendered":"<p>La Confederaci\u00f3n General Empresaria (CGERA) que agrupa a m\u00e1s de 40 c\u00e1maras PYMES no fue invitada a participar en la reuni\u00f3n explicativa del acuerdo entre el MERCOSUR y la Uni\u00f3n Europea realizada este mi\u00e9rcoles en la Residencia de Olivos. \u201cSolo por expresar nuestras discrepancias con las actuales pol\u00edticas y la situaci\u00f3n de las Pymes estaremos &#8230;<\/p>\n","protected":false},"author":2,"featured_media":1883,"comment_status":"closed","ping_status":"closed","sticky":false,"template":"","format":"standard","meta":[],"categories":[4,45,7],"tags":[],"_links":{"self":[{"href":"https:\/\/www.cge-ra.org\/V16\/wp-json\/wp\/v2\/posts\/1963"}],"collection":[{"href":"https:\/\/www.cge-ra.org\/V16\/wp-json\/wp\/v2\/posts"}],"about":[{"href":"https:\/\/www.cge-ra.org\/V16\/wp-json\/wp\/v2\/types\/post"}],"author":[{"embeddable":true,"href":"https:\/\/www.cge-ra.org\/V16\/wp-json\/wp\/v2\/users\/2"}],"replies":[{"embeddable":true,"href":"https:\/\/www.cge-ra.org\/V16\/wp-json\/wp\/v2\/comments?post=1963"}],"version-history":[{"count":1,"href":"https:\/\/www.cge-ra.org\/V16\/wp-json\/wp\/v2\/posts\/1963\/revisions"}],"predecessor-version":[{"id":1964,"href":"https:\/\/www.cge-ra.org\/V16\/wp-json\/wp\/v2\/posts\/1963\/revisions\/1964"}],"wp:featuredmedia":[{"embeddable":true,"href":"https:\/\/www.cge-ra.org\/V16\/wp-json\/wp\/v2\/media\/1883"}],"wp:attachment":[{"href":"https:\/\/www.cge-ra.org\/V16\/wp-json\/wp\/v2\/media?parent=1963"}],"wp:term":[{"taxonomy":"category","embeddable":true,"href":"https:\/\/www.cge-ra.org\/V16\/wp-json\/wp\/v2\/categories?post=1963"},{"taxonomy":"post_tag","embeddable":true,"href":"https:\/\/www.cge-ra.org\/V16\/wp-json\/wp\/v2\/tags?post=1963"}],"curies":[{"name":"wp","href":"https:\/\/api.w.org\/{rel}","templated":true}]}}