{"id":1974,"date":"2019-08-15T21:57:51","date_gmt":"2019-08-15T21:57:51","guid":{"rendered":"http:\/\/www.cge-ra.org\/V16\/?p=1974"},"modified":"2019-08-15T21:59:44","modified_gmt":"2019-08-15T21:59:44","slug":"cgera-estara-presente-en-la-inauguracion-de-la-plaza-jose-ber-gelbard-en-catamarca","status":"publish","type":"post","link":"https:\/\/www.cge-ra.org\/V16\/cgera-estara-presente-en-la-inauguracion-de-la-plaza-jose-ber-gelbard-en-catamarca\/","title":{"rendered":"CGERA ESTAR\u00c1 PRESENTE EN LA INAUGURACI\u00d3N DE LA PLAZA JOS\u00c9 BER GELBARD EN CATAMARCA"},"content":{"rendered":"<p>En el marco de la conmemoraci\u00f3n del D\u00eda del Empresario Nacional, el pr\u00f3ximo viernes 16 de agosto, la Confederaci\u00f3n General Empresaria de la Rep\u00fablica Argentina (CGERA) participar\u00e1 de la inauguraci\u00f3n de la obra de recuperaci\u00f3n y puesta en valor de la Plaza Jos\u00e9 Ber Gelbard, en la ciudad de San Fernando del Valle de Catamarca.<\/p>\n<p>El D\u00eda del Empresario Nacional (Ley 27.108) se estableci\u00f3 en honor al\u00a0<span class=\"text_exposed_show\">16 de agosto de 1953, cuando el ex ministro de Econom\u00eda Jos\u00e9 Ber Gelbard fund\u00f3 la Confederaci\u00f3n General Econ\u00f3mica (CGE), la entidad empresaria que apunt\u00f3 a que la industria nacional sea motor del desarrollo argentino. El ex funcionario del gobierno de Juan Domingo Per\u00f3n naci\u00f3 en Polonia en 1916, pero a los 14 a\u00f1os se traslad\u00f3 a Tucum\u00e1n y m\u00e1s tarde a Catamarca, donde se dedic\u00f3 a realizar actividades comerciales. En ese lugar es donde se alzar\u00e1 el busto en su honor.<\/span><\/p>\n<div class=\"text_exposed_show\">\n<p>En este marco, empresarios y empresarias de todos los sectores productivos del pa\u00eds estar\u00e1n presentes en lo que ser\u00e1 un merecido homenaje para quien fuera un impulsor incansable del desarrollo industrial junto al progreso social, en un contexto de independencia econ\u00f3mica nacional.<\/p>\n<p>Las PYMES apostamos a desarrollar nuestro mercado interno, a consolidar la producci\u00f3n y a fortalecernos para ofrecer nuestros productos al mundo. En este sentido, Gelbard representa un proyecto de pa\u00eds productivo con un mercado interno pujante, donde cada provincia sea capaz de impulsar su desarrollo y crecimiento con industrias estrat\u00e9gicas, integrando las econom\u00edas regionales que generan un alto valor agregado. Estos son aspectos claves para la econom\u00eda, el trabajo y la soberan\u00eda nacional.<\/p>\n<p>Debemos, los empresarios PYMES, constituirnos en sujetos pol\u00edticos capaces de intervenir y proyectar el modelo de pa\u00eds con el que so\u00f1amos. Por eso, seremos muchos los y las empresarias que estaremos presentes en lo que ser\u00e1 una jornada hist\u00f3rica.<a href=\"http:\/\/www.cge-ra.org\/V16\/wp-content\/uploads\/2019\/08\/68362637_2352419488377138_4453771349537587200_n.jpg\"><img decoding=\"async\" loading=\"lazy\" class=\"aligncenter size-full wp-image-1975\" src=\"http:\/\/www.cge-ra.org\/V16\/wp-content\/uploads\/2019\/08\/68362637_2352419488377138_4453771349537587200_n.jpg\" alt=\"\" width=\"480\" height=\"646\" srcset=\"https:\/\/www.cge-ra.org\/V16\/wp-content\/uploads\/2019\/08\/68362637_2352419488377138_4453771349537587200_n.jpg 480w, https:\/\/www.cge-ra.org\/V16\/wp-content\/uploads\/2019\/08\/68362637_2352419488377138_4453771349537587200_n-223x300.jpg 223w\" sizes=\"(max-width: 480px) 100vw, 480px\" \/><\/a><\/p>\n<\/div>\n","protected":false},"excerpt":{"rendered":"<p>En el marco de la conmemoraci\u00f3n del D\u00eda del Empresario Nacional, el pr\u00f3ximo viernes 16 de agosto, la Confederaci\u00f3n General Empresaria de la Rep\u00fablica Argentina (CGERA) participar\u00e1 de la inauguraci\u00f3n de la obra de recuperaci\u00f3n y puesta en valor de la Plaza Jos\u00e9 Ber Gelbard, en la ciudad de San Fernando del Valle de Catamarca. &#8230;<\/p>\n","protected":false},"author":2,"featured_media":1975,"comment_status":"closed","ping_status":"closed","sticky":false,"template":"","format":"standard","meta":[],"categories":[4,45,1,7],"tags":[],"_links":{"self":[{"href":"https:\/\/www.cge-ra.org\/V16\/wp-json\/wp\/v2\/posts\/1974"}],"collection":[{"href":"https:\/\/www.cge-ra.org\/V16\/wp-json\/wp\/v2\/posts"}],"about":[{"href":"https:\/\/www.cge-ra.org\/V16\/wp-json\/wp\/v2\/types\/post"}],"author":[{"embeddable":true,"href":"https:\/\/www.cge-ra.org\/V16\/wp-json\/wp\/v2\/users\/2"}],"replies":[{"embeddable":true,"href":"https:\/\/www.cge-ra.org\/V16\/wp-json\/wp\/v2\/comments?post=1974"}],"version-history":[{"count":2,"href":"https:\/\/www.cge-ra.org\/V16\/wp-json\/wp\/v2\/posts\/1974\/revisions"}],"predecessor-version":[{"id":1979,"href":"https:\/\/www.cge-ra.org\/V16\/wp-json\/wp\/v2\/posts\/1974\/revisions\/1979"}],"wp:featuredmedia":[{"embeddable":true,"href":"https:\/\/www.cge-ra.org\/V16\/wp-json\/wp\/v2\/media\/1975"}],"wp:attachment":[{"href":"https:\/\/www.cge-ra.org\/V16\/wp-json\/wp\/v2\/media?parent=1974"}],"wp:term":[{"taxonomy":"category","embeddable":true,"href":"https:\/\/www.cge-ra.org\/V16\/wp-json\/wp\/v2\/categories?post=1974"},{"taxonomy":"post_tag","embeddable":true,"href":"https:\/\/www.cge-ra.org\/V16\/wp-json\/wp\/v2\/tags?post=1974"}],"curies":[{"name":"wp","href":"https:\/\/api.w.org\/{rel}","templated":true}]}}