{"id":1992,"date":"2019-08-29T23:33:10","date_gmt":"2019-08-29T23:33:10","guid":{"rendered":"http:\/\/www.cge-ra.org\/V16\/?p=1992"},"modified":"2019-08-29T23:34:22","modified_gmt":"2019-08-29T23:34:22","slug":"cgera-recibio-a-la-ucr-para-debatir-sobre-las-necesidades-urgentes-de-las-pymes","status":"publish","type":"post","link":"https:\/\/www.cge-ra.org\/V16\/cgera-recibio-a-la-ucr-para-debatir-sobre-las-necesidades-urgentes-de-las-pymes\/","title":{"rendered":"CGERA recibi\u00f3 a la UCR para debatir sobre las necesidades urgentes de las PYMES"},"content":{"rendered":"<p><a href=\"http:\/\/www.cge-ra.org\/V16\/wp-content\/uploads\/2019\/08\/0ce42869-6223-4ee3-a8d3-976a45ff083a.jpg\"><img decoding=\"async\" loading=\"lazy\" class=\"aligncenter size-large wp-image-1993\" src=\"http:\/\/www.cge-ra.org\/V16\/wp-content\/uploads\/2019\/08\/0ce42869-6223-4ee3-a8d3-976a45ff083a-1024x498.jpg\" alt=\"\" width=\"618\" height=\"301\" srcset=\"https:\/\/www.cge-ra.org\/V16\/wp-content\/uploads\/2019\/08\/0ce42869-6223-4ee3-a8d3-976a45ff083a-1024x498.jpg 1024w, https:\/\/www.cge-ra.org\/V16\/wp-content\/uploads\/2019\/08\/0ce42869-6223-4ee3-a8d3-976a45ff083a-300x146.jpg 300w, https:\/\/www.cge-ra.org\/V16\/wp-content\/uploads\/2019\/08\/0ce42869-6223-4ee3-a8d3-976a45ff083a-768x373.jpg 768w, https:\/\/www.cge-ra.org\/V16\/wp-content\/uploads\/2019\/08\/0ce42869-6223-4ee3-a8d3-976a45ff083a.jpg 1280w\" sizes=\"(max-width: 618px) 100vw, 618px\" \/><\/a><\/p>\n<p><em>El encuentro se realiz\u00f3 en el marco del programa de visitas de la UCR a los distintos sectores empresarios<\/em><\/p>\n<p>La Confederaci\u00f3n General Empresaria de la Rep\u00fablica Argentina (CGERA) recibi\u00f3 a dirigentes de la Uni\u00f3n C\u00edvica Radical (UCR) y a la Comisi\u00f3n de Econom\u00eda del partido para intercambiar opiniones sobre las necesidades urgentes de las Peque\u00f1as y Medianas Empresas.<\/p>\n<p>En este marco, el Presidente de CGERA, Marcelo Fern\u00e1ndez, resalt\u00f3 la importancia de \u201chacer un plan estrat\u00e9gico sectorial y pensar como podemos aportar a una mesa productiva\u201d. \u201cLa idea es que podamos discutir con la UCR y seguir trabajando en los municipios no solo para llevar las ideas, si no tambi\u00e9n los nombres que acompa\u00f1en al intendente en los distritos\u201d, agreg\u00f3.<\/p>\n<p>En la misma l\u00ednea, el Vicepresidente de CGERA, Ariel Aguilar, destac\u00f3 que \u201cquedan ocho quincenas y un aguinaldo, pero en la etapa que viene va a tener importancia la producci\u00f3n, la PYME y el trabajo\u201d. En este sentido, explic\u00f3 que \u201cel empresariado PYME tiene que ser parte de las secretarias de producci\u00f3n de los distritos porque conoce los problemas\u201d. \u201cLos que estamos en esta mesa sabemos prender las maquinas y con cuatro o cinco variables lo podemos hacer\u201d, agreg\u00f3.<\/p>\n<p>Por su parte, el Secretario General de CGERA, Ra\u00fal Zylbersztein afirm\u00f3 que \u201ccuando decimos que las empresas cierran no es verso\u201d y destac\u00f3 que en este proceso \u201cse pierden oficios y puestos de trabajo\u201d. En tanto, el dirigente de CGERA, Guillermo Siro, se\u00f1al\u00f3 que \u201clos tiempos que se vienen son con representaci\u00f3n de los trabajadores y los empresarios en sectores estrat\u00e9gicos\u201d.<\/p>\n<p>Durante el encuentro, el Presidente de la C\u00e1mara Argentina de Seguridad Electr\u00f3nica (CASEL), Enrique Greenberg, manifest\u00f3 que representa a \u201c120 empresas que no escapan a la \u00e9poca complicada\u201d. \u201cVen\u00edamos con espalda pero la crisis larga desgasta y las inversiones se cayeron\u201d, agreg\u00f3. Asimismo, la Presidenta de la C\u00e1mara de la Industria Naval, Silvia Mart\u00ednez, expres\u00f3 que \u201csi hablamos de asimetr\u00edas, la Argentina tiene una participaci\u00f3n del 3% en Am\u00e9rica Latina y nuestra carga tributaria no es competitiva y eso nos quita mercado\u201d. \u201cSin financiamiento y sin consumo es imposible que cualquier industria se desarrolle\u201d, a\u00f1adi\u00f3.<\/p>\n<p>Finalmente, el Coordinador de la Comisi\u00f3n de Econom\u00eda radical, Miguel Ponce, aclar\u00f3 que mantienen \u201cuna visi\u00f3n critica de la conducci\u00f3n del partido\u201d y \u201cla idea es tener un v\u00ednculo directo con ustedes cada vez que haya alg\u00fan planteamiento PYME\u201d. Adem\u00e1s, plante\u00f3 \u201cla necesidad de un consejo econ\u00f3mico social\u201d.<\/p>\n<p>En representaci\u00f3n de la Comisi\u00f3n de Econom\u00eda de la UCR tambi\u00e9n estuvieron presentes Mauro del Barrio, Ariel Stainoh, Patricio Castro y Eduardo Zunino.<\/p>\n","protected":false},"excerpt":{"rendered":"<p>El encuentro se realiz\u00f3 en el marco del programa de visitas de la UCR a los distintos sectores empresarios La Confederaci\u00f3n General Empresaria de la Rep\u00fablica Argentina (CGERA) recibi\u00f3 a dirigentes de la Uni\u00f3n C\u00edvica Radical (UCR) y a la Comisi\u00f3n de Econom\u00eda del partido para intercambiar opiniones sobre las necesidades urgentes de las Peque\u00f1as &#8230;<\/p>\n","protected":false},"author":2,"featured_media":1993,"comment_status":"closed","ping_status":"closed","sticky":false,"template":"","format":"standard","meta":[],"categories":[4,45,1,7],"tags":[],"_links":{"self":[{"href":"https:\/\/www.cge-ra.org\/V16\/wp-json\/wp\/v2\/posts\/1992"}],"collection":[{"href":"https:\/\/www.cge-ra.org\/V16\/wp-json\/wp\/v2\/posts"}],"about":[{"href":"https:\/\/www.cge-ra.org\/V16\/wp-json\/wp\/v2\/types\/post"}],"author":[{"embeddable":true,"href":"https:\/\/www.cge-ra.org\/V16\/wp-json\/wp\/v2\/users\/2"}],"replies":[{"embeddable":true,"href":"https:\/\/www.cge-ra.org\/V16\/wp-json\/wp\/v2\/comments?post=1992"}],"version-history":[{"count":2,"href":"https:\/\/www.cge-ra.org\/V16\/wp-json\/wp\/v2\/posts\/1992\/revisions"}],"predecessor-version":[{"id":1995,"href":"https:\/\/www.cge-ra.org\/V16\/wp-json\/wp\/v2\/posts\/1992\/revisions\/1995"}],"wp:featuredmedia":[{"embeddable":true,"href":"https:\/\/www.cge-ra.org\/V16\/wp-json\/wp\/v2\/media\/1993"}],"wp:attachment":[{"href":"https:\/\/www.cge-ra.org\/V16\/wp-json\/wp\/v2\/media?parent=1992"}],"wp:term":[{"taxonomy":"category","embeddable":true,"href":"https:\/\/www.cge-ra.org\/V16\/wp-json\/wp\/v2\/categories?post=1992"},{"taxonomy":"post_tag","embeddable":true,"href":"https:\/\/www.cge-ra.org\/V16\/wp-json\/wp\/v2\/tags?post=1992"}],"curies":[{"name":"wp","href":"https:\/\/api.w.org\/{rel}","templated":true}]}}