{"id":2169,"date":"2020-05-05T15:43:38","date_gmt":"2020-05-05T15:43:38","guid":{"rendered":"http:\/\/www.cge-ra.org\/V16\/?p=2169"},"modified":"2020-05-05T15:48:07","modified_gmt":"2020-05-05T15:48:07","slug":"industriales-de-cgera-denuncian-que-las-companias-electricas-cobran-consumos-estimados-a-las-pymes-durante-la-cuarentena","status":"publish","type":"post","link":"https:\/\/www.cge-ra.org\/V16\/industriales-de-cgera-denuncian-que-las-companias-electricas-cobran-consumos-estimados-a-las-pymes-durante-la-cuarentena\/","title":{"rendered":"Industriales de CGERA denuncian que las compa\u00f1\u00edas el\u00e9ctricas cobran \u201cconsumos estimados\u201d a las PYMES durante la cuarentena"},"content":{"rendered":"<p><a href=\"http:\/\/www.cge-ra.org\/V16\/wp-content\/uploads\/2020\/05\/Voz-Empresaria-siro.jpg\"><img decoding=\"async\" loading=\"lazy\" class=\"aligncenter wp-image-2170\" src=\"http:\/\/www.cge-ra.org\/V16\/wp-content\/uploads\/2020\/05\/Voz-Empresaria-siro.jpg\" alt=\"\" width=\"793\" height=\"370\" srcset=\"https:\/\/www.cge-ra.org\/V16\/wp-content\/uploads\/2020\/05\/Voz-Empresaria-siro.jpg 965w, https:\/\/www.cge-ra.org\/V16\/wp-content\/uploads\/2020\/05\/Voz-Empresaria-siro-300x140.jpg 300w, https:\/\/www.cge-ra.org\/V16\/wp-content\/uploads\/2020\/05\/Voz-Empresaria-siro-768x358.jpg 768w\" sizes=\"(max-width: 793px) 100vw, 793px\" \/><\/a><\/p>\n<p>Empresarios PYMES de la Confederaci\u00f3n General Empresaria de la Rep\u00fablica Argentina (CGERA) criticaron este martes el cobro de los \u201cconsumos estimados\u201d por parte de las compa\u00f1\u00edas el\u00e9ctricas durante el per\u00edodo del aislamiento social, preventivo y obligatorio, en el cual las empresas tuvieron que paralizar la producci\u00f3n.<\/p>\n<p>En este sentido, el dirigente de CGERA y Presidente de la Confederaci\u00f3n Econ\u00f3mica de la Provincia de Buenos Aires (CEPBA), Guillermo Siro, destac\u00f3 que \u201cuna vez m\u00e1s las posiciones dominantes dentro de nuestra cadena de valor est\u00e1n asfixiando a comercios e industrias bonaerenses ya que las empresas de servicios el\u00e9ctricos est\u00e1n aplicando criterios netamente recaudatorios e inexactos\u201d.<\/p>\n<p>\u201cDebido a que no mandan gente a controlar los medidores, est\u00e1n utilizando las facturas y los valores en los sectores productivos, industriales y tambi\u00e9n domiciliarios de los meses en los que hab\u00eda actividad sin tomar en cuenta que desde marzo 70% de comercios y f\u00e1bricas no han tenido actividad ni consumo\u201d, a\u00f1adi\u00f3 Siro.<\/p>\n<p>Asimismo, afirm\u00f3 que \u201cesta situaci\u00f3n est\u00e1 generando un perjuicio econ\u00f3mico y financiero para los sectores alcanzados por la cuarentena que no son sectores sensibles\u201d. \u201cVamos a hacer una presentaci\u00f3n ante los organismos regulatorios para que estas facturas inexactas y abusivas no sean cobradas o que se suspenda el cobro hasta que puedan controlarlo o que cobren el consumo real\u201d, defini\u00f3 el empresario.<\/p>\n<p>Por su parte, el Presidente de la C\u00e1mara Argentina de la Industria \u00d3ptica (CADIOA) y dirigente de CGERA, Norberto Fermani, se\u00f1al\u00f3 que \u201chace ya casi 50 d\u00edas que estamos en cuarentena con las empresas paradas y los m\u00ednimos que te cobran de la luz son terribles\u201d. \u201cDeber\u00edan hacer algo y cobrar s\u00f3lo el consumo real porque es inveros\u00edmil tener que pagar 100.000 pesos de b\u00e1sico de consumo con las luces totalmente apagadas\u201d, agreg\u00f3.<\/p>\n<p>En esta l\u00ednea, Fermani sostuvo que \u201ctenemos las f\u00e1bricas paradas y estamos pagando fortunas de m\u00ednimos de consumo\u201d. \u201cNo se pueden hacer los cambios de tarifas porque no tenemos personal. Se va a tener que tomar una medida que es facturar por lo realmente consumido\u201d, indic\u00f3 el Presidente de CADIOA.<\/p>\n<p>En tanto, el Secretario General de CGERA, Ra\u00fal Zylbersztein, manifest\u00f3 que \u201clas empresas de servicios, en especial las de energ\u00eda el\u00e9ctrica parecieran que viven en otro planeta\u201d. \u201cTomar consumos estimados en base al hist\u00f3rico cuando el consumo es cero es simplemente vergonzoso\u201d. \u201cParece que las empresas energ\u00e9ticas, como las financieras, siguen siendo parasitarias de la gente que trabaja, y no importa c\u00f3mo le vaya al pa\u00eds, ellas siempre ganan y consiguen prebendas. Esperamos que esta vez, el estado cumpla el rol de contralor y distribuir la presi\u00f3n de la cuarentena de manera equitativa\u201d, concluy\u00f3.<\/p>\n","protected":false},"excerpt":{"rendered":"<p>Empresarios PYMES de la Confederaci\u00f3n General Empresaria de la Rep\u00fablica Argentina (CGERA) criticaron este martes el cobro de los \u201cconsumos estimados\u201d por parte de las compa\u00f1\u00edas el\u00e9ctricas durante el per\u00edodo del aislamiento social, preventivo y obligatorio, en el cual las empresas tuvieron que paralizar la producci\u00f3n. En este sentido, el dirigente de CGERA y Presidente &#8230;<\/p>\n","protected":false},"author":2,"featured_media":2170,"comment_status":"closed","ping_status":"closed","sticky":false,"template":"","format":"standard","meta":[],"categories":[45,1,7],"tags":[],"_links":{"self":[{"href":"https:\/\/www.cge-ra.org\/V16\/wp-json\/wp\/v2\/posts\/2169"}],"collection":[{"href":"https:\/\/www.cge-ra.org\/V16\/wp-json\/wp\/v2\/posts"}],"about":[{"href":"https:\/\/www.cge-ra.org\/V16\/wp-json\/wp\/v2\/types\/post"}],"author":[{"embeddable":true,"href":"https:\/\/www.cge-ra.org\/V16\/wp-json\/wp\/v2\/users\/2"}],"replies":[{"embeddable":true,"href":"https:\/\/www.cge-ra.org\/V16\/wp-json\/wp\/v2\/comments?post=2169"}],"version-history":[{"count":3,"href":"https:\/\/www.cge-ra.org\/V16\/wp-json\/wp\/v2\/posts\/2169\/revisions"}],"predecessor-version":[{"id":2173,"href":"https:\/\/www.cge-ra.org\/V16\/wp-json\/wp\/v2\/posts\/2169\/revisions\/2173"}],"wp:featuredmedia":[{"embeddable":true,"href":"https:\/\/www.cge-ra.org\/V16\/wp-json\/wp\/v2\/media\/2170"}],"wp:attachment":[{"href":"https:\/\/www.cge-ra.org\/V16\/wp-json\/wp\/v2\/media?parent=2169"}],"wp:term":[{"taxonomy":"category","embeddable":true,"href":"https:\/\/www.cge-ra.org\/V16\/wp-json\/wp\/v2\/categories?post=2169"},{"taxonomy":"post_tag","embeddable":true,"href":"https:\/\/www.cge-ra.org\/V16\/wp-json\/wp\/v2\/tags?post=2169"}],"curies":[{"name":"wp","href":"https:\/\/api.w.org\/{rel}","templated":true}]}}