{"id":2251,"date":"2020-08-06T14:11:59","date_gmt":"2020-08-06T14:11:59","guid":{"rendered":"http:\/\/www.cge-ra.org\/V16\/?p=2251"},"modified":"2020-08-06T15:25:45","modified_gmt":"2020-08-06T15:25:45","slug":"cgera-y-la-uba-elaboraron-anteproyectos-de-ley-para-proteger-a-las-medidas-que-impulsen-la-produccion-y-el-empleo","status":"publish","type":"post","link":"https:\/\/www.cge-ra.org\/V16\/cgera-y-la-uba-elaboraron-anteproyectos-de-ley-para-proteger-a-las-medidas-que-impulsen-la-produccion-y-el-empleo\/","title":{"rendered":"CGERA y la UBA elaboraron anteproyectos de ley para proteger a las medidas que impulsen la producci\u00f3n y el empleo"},"content":{"rendered":"<p><a href=\"http:\/\/www.cge-ra.org\/V16\/wp-content\/uploads\/2020\/05\/na20fo01-1.jpg\"><img decoding=\"async\" loading=\"lazy\" class=\"aligncenter wp-image-2175\" src=\"http:\/\/www.cge-ra.org\/V16\/wp-content\/uploads\/2020\/05\/na20fo01-1.jpg\" alt=\"\" width=\"563\" height=\"375\" srcset=\"https:\/\/www.cge-ra.org\/V16\/wp-content\/uploads\/2020\/05\/na20fo01-1.jpg 960w, https:\/\/www.cge-ra.org\/V16\/wp-content\/uploads\/2020\/05\/na20fo01-1-300x200.jpg 300w, https:\/\/www.cge-ra.org\/V16\/wp-content\/uploads\/2020\/05\/na20fo01-1-768x512.jpg 768w, https:\/\/www.cge-ra.org\/V16\/wp-content\/uploads\/2020\/05\/na20fo01-1-310x205.jpg 310w\" sizes=\"(max-width: 563px) 100vw, 563px\" \/><\/a><\/p>\n<p>La Confederaci\u00f3n General Empresaria de la Rep\u00fablica Argentina (CGERA) elabor\u00f3 junto a la Universidad de Buenos Aires (UBA), un conjunto de anteproyectos de ley para convertir a las medidas de protecci\u00f3n a la producci\u00f3n y el trabajo en pol\u00edticas de Estado a largo plazo.<\/p>\n<p>\u201cBuscamos que las buenas medidas o intenciones que tenga el gobierno en materia productiva y laboral se conviertan en anteproyectos de ley y se mantengan como pol\u00edticas de Estado a largo plazo\u201d, explic\u00f3 el Presidente de CGERA, Marcelo Fern\u00e1ndez.<\/p>\n<p>En este sentido, el Presidente de CGERA anticip\u00f3 que presentar\u00e1 la iniciativa al Presidente Alberto Fern\u00e1ndez, y al ministro de Desarrollo Productivo, Mat\u00edas Kulfas, y se\u00f1al\u00f3 que en los siguientes d\u00edas se dar\u00e1 a conocer el Proyecto de Ley de Defensa a la Producci\u00f3n y el Trabajo Nacional, \u201cpara asegurar las medidas que luego cambian con los gobiernos o por un funcionario y sus interpretaciones\u201d. \u201cQuien quiera cambiar estas medidas va a tener que pagar el costo pol\u00edtico de torcer el rumbo productivo y de desarrollo\u201d, agreg\u00f3 Fern\u00e1ndez.<\/p>\n<p>Luego de una serie de encuentros virtuales entre CGERA y el Ministro Kulfas, la entidad empresaria aportar\u00e1 ideas y propuestas en el marco de la discusi\u00f3n de las pol\u00edticas necesarias para reactivar la econom\u00eda durante la pospandemia. Adem\u00e1s, las iniciativas propuestas por CGERA tendr\u00e1n la apoyatura t\u00e9cnica de la UBA y ser\u00e1n debatidas junto a la Confederaci\u00f3n General del Trabajo (CGT).<\/p>\n<p>En esta l\u00ednea, el titular de CGERA explic\u00f3 que \u201clas PYMES queremos darle un aporte a las medidas que lance el gobierno para la pos pandemia porque es necesario que queden en leyes para que se conviertan en pol\u00edticas de Estado ya que nosotros los empresarios cuando invertimos por a\u00f1os no lo hacemos por un gobierno o un funcionario\u201d. \u201cLas propuestas pretenden ser debatidas y esperamos m\u00e1s aportes de distintos sectores de la sociedad; incluso vamos a invitar a la CGT para enriquecer las ideas\u201d, concluy\u00f3.<\/p>\n<p>En tanto, el Secretario General de CGERA, Ra\u00fal Zylbersztein, manifest\u00f3 que \u201ceste es el puntapi\u00e9 inicial, el resumen de un trabajo mucho mayor que hicimos con Docentes y economistas de la UBA con los aportes y la visi\u00f3n de miles de empresarios de todo el pa\u00eds\u201d. De esta forma, explic\u00f3 que \u201cmuchos son los proyectos que tenemos a nivel nacional, provincias y municipios, con el solo objetivo de desarrollar polos o cl\u00faster de producci\u00f3n y trabajo\u201d.<\/p>\n<p>\u201cQue se produzca en algunos lugares y se distribuya en otros, a veces es necesario pero no es una pol\u00edtica sostenible ni digna. Queremos que todo pueda ser discutido,\u00a0 puesto en cuestionamiento, para hacer un verdadero cambio en el esquema productivo del pa\u00eds.\u00a0 No se puede sostener un pa\u00eds de 44 millones de habitantes con 1.300.000 trabajadores en industria. De no cambiar esta ecuaci\u00f3n, siempre seremos deficitarios. No es achicar el Estado, es expandir la industria y la producci\u00f3n\u201d, a\u00f1adi\u00f3 Zylbersztein.<\/p>\n<p>&nbsp;<\/p>\n","protected":false},"excerpt":{"rendered":"<p>La Confederaci\u00f3n General Empresaria de la Rep\u00fablica Argentina (CGERA) elabor\u00f3 junto a la Universidad de Buenos Aires (UBA), un conjunto de anteproyectos de ley para convertir a las medidas de protecci\u00f3n a la producci\u00f3n y el trabajo en pol\u00edticas de Estado a largo plazo. \u201cBuscamos que las buenas medidas o intenciones que tenga el gobierno &#8230;<\/p>\n","protected":false},"author":2,"featured_media":2175,"comment_status":"closed","ping_status":"closed","sticky":false,"template":"","format":"standard","meta":[],"categories":[4,45,7],"tags":[],"_links":{"self":[{"href":"https:\/\/www.cge-ra.org\/V16\/wp-json\/wp\/v2\/posts\/2251"}],"collection":[{"href":"https:\/\/www.cge-ra.org\/V16\/wp-json\/wp\/v2\/posts"}],"about":[{"href":"https:\/\/www.cge-ra.org\/V16\/wp-json\/wp\/v2\/types\/post"}],"author":[{"embeddable":true,"href":"https:\/\/www.cge-ra.org\/V16\/wp-json\/wp\/v2\/users\/2"}],"replies":[{"embeddable":true,"href":"https:\/\/www.cge-ra.org\/V16\/wp-json\/wp\/v2\/comments?post=2251"}],"version-history":[{"count":2,"href":"https:\/\/www.cge-ra.org\/V16\/wp-json\/wp\/v2\/posts\/2251\/revisions"}],"predecessor-version":[{"id":2253,"href":"https:\/\/www.cge-ra.org\/V16\/wp-json\/wp\/v2\/posts\/2251\/revisions\/2253"}],"wp:featuredmedia":[{"embeddable":true,"href":"https:\/\/www.cge-ra.org\/V16\/wp-json\/wp\/v2\/media\/2175"}],"wp:attachment":[{"href":"https:\/\/www.cge-ra.org\/V16\/wp-json\/wp\/v2\/media?parent=2251"}],"wp:term":[{"taxonomy":"category","embeddable":true,"href":"https:\/\/www.cge-ra.org\/V16\/wp-json\/wp\/v2\/categories?post=2251"},{"taxonomy":"post_tag","embeddable":true,"href":"https:\/\/www.cge-ra.org\/V16\/wp-json\/wp\/v2\/tags?post=2251"}],"curies":[{"name":"wp","href":"https:\/\/api.w.org\/{rel}","templated":true}]}}