{"id":2257,"date":"2020-08-14T22:50:01","date_gmt":"2020-08-14T22:50:01","guid":{"rendered":"http:\/\/www.cge-ra.org\/V16\/?p=2257"},"modified":"2020-08-14T22:50:01","modified_gmt":"2020-08-14T22:50:01","slug":"empresarios-pyme-mantuvieron-una-reunion-virtual-para-dialogar-sobre-los-proyectos-de-cgera-para-reactivar-la-produccion","status":"publish","type":"post","link":"https:\/\/www.cge-ra.org\/V16\/empresarios-pyme-mantuvieron-una-reunion-virtual-para-dialogar-sobre-los-proyectos-de-cgera-para-reactivar-la-produccion\/","title":{"rendered":"Empresarios PYME mantuvieron una reuni\u00f3n virtual para dialogar sobre los proyectos de CGERA para reactivar la producci\u00f3n"},"content":{"rendered":"<p><a href=\"http:\/\/www.cge-ra.org\/V16\/wp-content\/uploads\/2020\/08\/Sin-t\u00edtulo.png\"><img decoding=\"async\" loading=\"lazy\" class=\"aligncenter  wp-image-2258\" src=\"http:\/\/www.cge-ra.org\/V16\/wp-content\/uploads\/2020\/08\/Sin-t\u00edtulo.png\" alt=\"\" width=\"566\" height=\"326\" srcset=\"https:\/\/www.cge-ra.org\/V16\/wp-content\/uploads\/2020\/08\/Sin-t\u00edtulo.png 1005w, https:\/\/www.cge-ra.org\/V16\/wp-content\/uploads\/2020\/08\/Sin-t\u00edtulo-300x173.png 300w, https:\/\/www.cge-ra.org\/V16\/wp-content\/uploads\/2020\/08\/Sin-t\u00edtulo-768x442.png 768w\" sizes=\"(max-width: 566px) 100vw, 566px\" \/><\/a><\/p>\n<p>Empresarios de la Confederaci\u00f3n General Empresaria de la Rep\u00fablica Argentina (CGERA), mantuvieron un encuentro virtual en el que se compartieron las distintas propuestas en las quese encuentra trabajar la entidad.<\/p>\n<p>En este marco, el Presidente de CGERA, Marcelo Fern\u00e1ndez, destac\u00f3 el convenio alcanzado con la Universidad de Buenos Aires (UBA) a trav\u00e9s del cual los profesionales de esta instituci\u00f3n asistir\u00e1n a los empresarios en la elaboraci\u00f3n de proyectos y el llenado de documentaci\u00f3n. \u201cEsto permitir\u00e1 que el empresario pueda llenar documentaci\u00f3n m\u00e1s f\u00e1cil y m\u00e1s barato ante el intento de acceder a un cr\u00e9dito\u201d, explic\u00f3.<\/p>\n<p>Asimismo, Fern\u00e1ndez anticip\u00f3 que CGERA est\u00e1 trabajando en un proyecto para que las PYMES accedan a bienes de capital a trav\u00e9s de tasas de inter\u00e9s accesibles. En esta l\u00ednea, sostuvo que en los pr\u00f3ximos d\u00edas se anunciar\u00e1 el proyecto para facilitar el acceso a maquinaria, tras las negociaciones desarrolladas junto a las autoridades del Banco Naci\u00f3n y Canciller\u00eda.<\/p>\n<p>\u201cTenemos que pensar en duplicar la cantidad de trabajadores ligados al sector industrial en los pr\u00f3ximos a\u00f1os, pero para eso necesitamos inversiones y un mercado interno s\u00f3lido\u201d, afirm\u00f3 Fern\u00e1ndez.<\/p>\n<p>Durante el encuentro, el Presidente de CGERA tambi\u00e9n resalt\u00f3 distintas propuestas de la entidad que fueron llevadas a cabo luego del di\u00e1logo con los funcionarios del gobierno como la renovaci\u00f3n del programa ATP, de la moratoria y AHORA 12.<\/p>\n<p>Adem\u00e1s, Fern\u00e1ndez record\u00f3 que luego de la solicitud de CGERA, en ENRE implement\u00f3 una medida para evitar que las compa\u00f1\u00edas el\u00e9ctricas les cobren \u201cconsumos estimados\u201d a las PYMES. \u201cVamos a seguimos dialogando con los funcionarios acercando lo que les pasa a los distintos sectores que nos contaron sus inquietudes sobre la pandemia\u201d, agreg\u00f3.<\/p>\n","protected":false},"excerpt":{"rendered":"<p>Empresarios de la Confederaci\u00f3n General Empresaria de la Rep\u00fablica Argentina (CGERA), mantuvieron un encuentro virtual en el que se compartieron las distintas propuestas en las quese encuentra trabajar la entidad. En este marco, el Presidente de CGERA, Marcelo Fern\u00e1ndez, destac\u00f3 el convenio alcanzado con la Universidad de Buenos Aires (UBA) a trav\u00e9s del cual los &#8230;<\/p>\n","protected":false},"author":2,"featured_media":0,"comment_status":"closed","ping_status":"closed","sticky":false,"template":"","format":"standard","meta":[],"categories":[4,7],"tags":[],"_links":{"self":[{"href":"https:\/\/www.cge-ra.org\/V16\/wp-json\/wp\/v2\/posts\/2257"}],"collection":[{"href":"https:\/\/www.cge-ra.org\/V16\/wp-json\/wp\/v2\/posts"}],"about":[{"href":"https:\/\/www.cge-ra.org\/V16\/wp-json\/wp\/v2\/types\/post"}],"author":[{"embeddable":true,"href":"https:\/\/www.cge-ra.org\/V16\/wp-json\/wp\/v2\/users\/2"}],"replies":[{"embeddable":true,"href":"https:\/\/www.cge-ra.org\/V16\/wp-json\/wp\/v2\/comments?post=2257"}],"version-history":[{"count":1,"href":"https:\/\/www.cge-ra.org\/V16\/wp-json\/wp\/v2\/posts\/2257\/revisions"}],"predecessor-version":[{"id":2259,"href":"https:\/\/www.cge-ra.org\/V16\/wp-json\/wp\/v2\/posts\/2257\/revisions\/2259"}],"wp:attachment":[{"href":"https:\/\/www.cge-ra.org\/V16\/wp-json\/wp\/v2\/media?parent=2257"}],"wp:term":[{"taxonomy":"category","embeddable":true,"href":"https:\/\/www.cge-ra.org\/V16\/wp-json\/wp\/v2\/categories?post=2257"},{"taxonomy":"post_tag","embeddable":true,"href":"https:\/\/www.cge-ra.org\/V16\/wp-json\/wp\/v2\/tags?post=2257"}],"curies":[{"name":"wp","href":"https:\/\/api.w.org\/{rel}","templated":true}]}}