{"id":2264,"date":"2020-08-28T17:46:52","date_gmt":"2020-08-28T17:46:52","guid":{"rendered":"http:\/\/www.cge-ra.org\/V16\/?p=2264"},"modified":"2020-08-28T17:46:52","modified_gmt":"2020-08-28T17:46:52","slug":"cgera-el-pais-se-merece-una-verdadera-reforma-tributaria-pero-para-salir-de-la-pandemia-necesitamos-medidas-urgentes","status":"publish","type":"post","link":"https:\/\/www.cge-ra.org\/V16\/cgera-el-pais-se-merece-una-verdadera-reforma-tributaria-pero-para-salir-de-la-pandemia-necesitamos-medidas-urgentes\/","title":{"rendered":"CGERA: \u201cEl pa\u00eds se merece una verdadera reforma tributaria, pero para salir de la pandemia necesitamos medidas urgentes\u201d"},"content":{"rendered":"<p><a href=\"http:\/\/www.cge-ra.org\/V16\/wp-content\/uploads\/2020\/04\/CGERA-MARCE.jpg\"><img decoding=\"async\" loading=\"lazy\" class=\"aligncenter size-large wp-image-2157\" src=\"http:\/\/www.cge-ra.org\/V16\/wp-content\/uploads\/2020\/04\/CGERA-MARCE-1024x661.jpg\" alt=\"\" width=\"618\" height=\"399\" srcset=\"https:\/\/www.cge-ra.org\/V16\/wp-content\/uploads\/2020\/04\/CGERA-MARCE-1024x661.jpg 1024w, https:\/\/www.cge-ra.org\/V16\/wp-content\/uploads\/2020\/04\/CGERA-MARCE-300x194.jpg 300w, https:\/\/www.cge-ra.org\/V16\/wp-content\/uploads\/2020\/04\/CGERA-MARCE-768x496.jpg 768w, https:\/\/www.cge-ra.org\/V16\/wp-content\/uploads\/2020\/04\/CGERA-MARCE.jpg 1140w\" sizes=\"(max-width: 618px) 100vw, 618px\" \/><\/a><\/p>\n<p><em>Los empresarios PYMES propusieron medidas urgentes para salir de la crisis y afirmaron que luego ser\u00e1 necesario debatir una reforma tributaria.<\/em><\/p>\n<p>La Confederaci\u00f3n General Empresaria de la Rep\u00fablica Argentina (CGERA), propuso este viernes una serie de medidas para reformular tributos que afectan a las PYMES, y asegur\u00f3 que \u201cel pa\u00eds se merece una verdadera reforma tributaria, pero para salir de la pandemia necesitamos medidas urgentes\u201d.<\/p>\n<p>En este sentido, el Presidente de CGERA, Marcelo Fern\u00e1ndez, manifest\u00f3 que \u201cla reforma tiene que ver con un modelo de pa\u00eds y una estructura productiva que a\u00fan no se ha explicado en el marco de lo que el gobierno llam\u00f3 \u2018pacto social\u2019, o en la constituci\u00f3n del Consejo Econ\u00f3mico y Social, en el que se establezcan objetivos y herramientas\u201d. \u201cDesde la entidad entendemos que una reforma o una reformulaci\u00f3n de los tributos es necesaria en lo inmediato\u201d, agreg\u00f3.<\/p>\n<p>En este sentido, Fern\u00e1ndez explic\u00f3 que \u201cpara bajar el impuesto de cargas sociales, recomendamos no hacerlo en forma directa, sino tomar las cargas sociales a cuenta del IVA, ya que de esta manera no se desfinancia a la seguridad social, y se fomenta a las empresas en blanco, que se ven favorecidas con la disminuci\u00f3n de las cargas mientras se blanquea la econom\u00eda\u201d.<\/p>\n<p>Con respecto al r\u00e9gimen monotributista, desde CGERA se propuso \u201creconocer la relaci\u00f3n de trabajo-trabajo, ya que un trabajador monotributista puede contratar a otro trabajador, pero tanto por los costos de cargas sociales, como si factura para cubrir ese salario, puede pasarse de categor\u00eda y no le queda otra que contratar en negro y no registrar ventas para poder pagar\u201d.<\/p>\n<p>En este sentido, el Presidente de CGERA se\u00f1al\u00f3 que se deber\u00eda apuntar a un r\u00e9gimen simplificado para que los monotributistas contraten gente por un mono simplificado y reducido (como un monotributo dentro del monotributo por trabajador contratado). Esta iniciativa permitir\u00eda que los salarios pagados sean descontados de la facturaci\u00f3n para su calificaci\u00f3n como monotributista; si el monotributista factura 100 mil pesos y paga 30 mil de salarios, se toma s\u00f3lo 70 mil para ubicarlo en su categor\u00eda.<\/p>\n<p>Adem\u00e1s, Fern\u00e1ndez aclar\u00f3 que \u201clos beneficios por tiempo determinado para la contrataci\u00f3n de nuevo personal no suele incentivar a tomar m\u00e1s trabajadores, ya que se trata de rebajas pasajeras que no se suelen tomar en el precio, y menos para la exportaci\u00f3n o contratos de venta a largo plazo. En esta l\u00ednea, a\u00f1adi\u00f3 que \u201clo \u00fanico que hace que un empresario contrate empleados\u00a0 es el aumento de ventas o la generaci\u00f3n de nuevos mercados, por lo tanto, es m\u00e1s importante que las reducciones sean menores, pero que abarquen a todo el personal y para siempre, as\u00ed mejora su competitividad y esto s\u00ed genera mercado. De otra manera, es ponerle plata en el bolsillo a quien no lo necesita\u201d.<\/p>\n<p>Estas y otras propuestas surgen de la ventaja de las charlas virtuales, donde empresarios de todas las federaciones del pa\u00eds participan y hacen su aporte. En este marco, se est\u00e1 reflotando el Instituto de Pol\u00edtica Econ\u00f3mica y Social (IPES), para sistematizar las visiones de las regiones y potenciarlas, con economistas queden cuenta de las necesidades del empresariado nacional.<\/p>\n","protected":false},"excerpt":{"rendered":"<p>Los empresarios PYMES propusieron medidas urgentes para salir de la crisis y afirmaron que luego ser\u00e1 necesario debatir una reforma tributaria. La Confederaci\u00f3n General Empresaria de la Rep\u00fablica Argentina (CGERA), propuso este viernes una serie de medidas para reformular tributos que afectan a las PYMES, y asegur\u00f3 que \u201cel pa\u00eds se merece una verdadera reforma &#8230;<\/p>\n","protected":false},"author":2,"featured_media":0,"comment_status":"closed","ping_status":"closed","sticky":false,"template":"","format":"standard","meta":[],"categories":[4,45,7],"tags":[],"_links":{"self":[{"href":"https:\/\/www.cge-ra.org\/V16\/wp-json\/wp\/v2\/posts\/2264"}],"collection":[{"href":"https:\/\/www.cge-ra.org\/V16\/wp-json\/wp\/v2\/posts"}],"about":[{"href":"https:\/\/www.cge-ra.org\/V16\/wp-json\/wp\/v2\/types\/post"}],"author":[{"embeddable":true,"href":"https:\/\/www.cge-ra.org\/V16\/wp-json\/wp\/v2\/users\/2"}],"replies":[{"embeddable":true,"href":"https:\/\/www.cge-ra.org\/V16\/wp-json\/wp\/v2\/comments?post=2264"}],"version-history":[{"count":1,"href":"https:\/\/www.cge-ra.org\/V16\/wp-json\/wp\/v2\/posts\/2264\/revisions"}],"predecessor-version":[{"id":2265,"href":"https:\/\/www.cge-ra.org\/V16\/wp-json\/wp\/v2\/posts\/2264\/revisions\/2265"}],"wp:attachment":[{"href":"https:\/\/www.cge-ra.org\/V16\/wp-json\/wp\/v2\/media?parent=2264"}],"wp:term":[{"taxonomy":"category","embeddable":true,"href":"https:\/\/www.cge-ra.org\/V16\/wp-json\/wp\/v2\/categories?post=2264"},{"taxonomy":"post_tag","embeddable":true,"href":"https:\/\/www.cge-ra.org\/V16\/wp-json\/wp\/v2\/tags?post=2264"}],"curies":[{"name":"wp","href":"https:\/\/api.w.org\/{rel}","templated":true}]}}