{"id":2297,"date":"2020-10-26T16:35:47","date_gmt":"2020-10-26T16:35:47","guid":{"rendered":"http:\/\/www.cge-ra.org\/V16\/?p=2297"},"modified":"2020-10-26T16:35:47","modified_gmt":"2020-10-26T16:35:47","slug":"cgera-mantuvo-encuentros-en-brasil-para-impulsar-las-exportaciones-pymes","status":"publish","type":"post","link":"https:\/\/www.cge-ra.org\/V16\/cgera-mantuvo-encuentros-en-brasil-para-impulsar-las-exportaciones-pymes\/","title":{"rendered":"CGERA mantuvo encuentros en Brasil para impulsar las exportaciones PYMES"},"content":{"rendered":"<p><a href=\"http:\/\/www.cge-ra.org\/V16\/wp-content\/uploads\/2020\/10\/CGERA.jpg\"><img decoding=\"async\" loading=\"lazy\" class=\"aligncenter size-large wp-image-2298\" src=\"http:\/\/www.cge-ra.org\/V16\/wp-content\/uploads\/2020\/10\/CGERA-1024x575.jpg\" alt=\"\" width=\"618\" height=\"347\" srcset=\"https:\/\/www.cge-ra.org\/V16\/wp-content\/uploads\/2020\/10\/CGERA.jpg 1024w, https:\/\/www.cge-ra.org\/V16\/wp-content\/uploads\/2020\/10\/CGERA-300x168.jpg 300w, https:\/\/www.cge-ra.org\/V16\/wp-content\/uploads\/2020\/10\/CGERA-768x431.jpg 768w\" sizes=\"(max-width: 618px) 100vw, 618px\" \/><\/a><\/p>\n<p>En el marco de su viaje a Brasil para fomentar las exportaciones PYMES al pa\u00eds vecino, el Presidente de la Confederaci\u00f3n General Empresaria de la Rep\u00fablica Argentina (CGERA), Marcelo Fern\u00e1ndez, contin\u00fao desarrollando una intensa agenda junto al Embajador Daniel Scioli.<\/p>\n<p>En este marco, se mantuvo el encuentro el productivo virtual promocionado por CGERA \u201cSantiago del Estero en Brasil\u201d, en el cual participaron Marcelo Fern\u00e1ndez; el Embajador Scioli; el Gobernador Gerardo Zamora; el ministro de Producci\u00f3n de Santiago del Estero, Miguel Mandrile; autoridades de Canciller\u00eda, y 15 representantes de diferentes sectores productivos santiague\u00f1os.<\/p>\n<p>\u201cDesde CGERA, y junto al Embajador Scioli, estamos trabajando para exportar trabajo argentino a Brasil. El impulso a las exportaciones permitir\u00e1 crear trabajo en nuestro pa\u00eds, y permitir que la Argentina cuente con los d\u00f3lares necesarios para producir en la etapa de la pospandemia\u201d, explic\u00f3 Fern\u00e1ndez.<\/p>\n<p><a href=\"http:\/\/www.cge-ra.org\/V16\/wp-content\/uploads\/2020\/10\/cgera-2.jpg\"><img decoding=\"async\" loading=\"lazy\" class=\"aligncenter size-large wp-image-2299\" src=\"http:\/\/www.cge-ra.org\/V16\/wp-content\/uploads\/2020\/10\/cgera-2-1024x575.jpg\" alt=\"\" width=\"618\" height=\"347\" srcset=\"https:\/\/www.cge-ra.org\/V16\/wp-content\/uploads\/2020\/10\/cgera-2.jpg 1024w, https:\/\/www.cge-ra.org\/V16\/wp-content\/uploads\/2020\/10\/cgera-2-300x168.jpg 300w, https:\/\/www.cge-ra.org\/V16\/wp-content\/uploads\/2020\/10\/cgera-2-768x431.jpg 768w\" sizes=\"(max-width: 618px) 100vw, 618px\" \/><\/a><\/p>\n<p>En este sentido, el Presidente de CGERA record\u00f3 que \u201ctambi\u00e9n estamos aportando desde nuestro lugar al pedido realizado por el Ministro Kulfas durante la convocatoria del Consejo Econ\u00f3mico y Social, en la que resalt\u00f3 la importancia de incrementar las ventas en el exterior\u201d.<\/p>\n<p>Durante la actividad, se plantearon propuestas para acercar oportunidades concretas en Brasil para los emprendimientos santiague\u00f1os. Por su parte, Scioli puso a disposici\u00f3n del gobierno de Santiago del Estero el relevamiento realizado por la Embajada y la Canciller\u00eda, que incluye la demanda potencial brasile\u00f1a de productos de la provincia, como la miel envasada y los productos caprinos.<\/p>\n<p>Asimismo, junto al Embajador, Fern\u00e1ndez mantuvo encuentros con los directivos de las Federaciones de Industria (FIEB) y Agropecuarios (FAEB) del Estado de Bah\u00eda, donde se desarroll\u00f3 una intensa agenda pol\u00edtica y de integraci\u00f3n comercial con el nordeste brasile\u00f1o. Finalmente, se realiz\u00f3 una visita a la planta que la empresa argentina Molinos Ca\u00f1uelas tiene en Salvador de Bah\u00eda, donde la compa\u00f1\u00eda se convirti\u00f3 en un pilar de la industria alimenticia.<\/p>\n","protected":false},"excerpt":{"rendered":"<p>En el marco de su viaje a Brasil para fomentar las exportaciones PYMES al pa\u00eds vecino, el Presidente de la Confederaci\u00f3n General Empresaria de la Rep\u00fablica Argentina (CGERA), Marcelo Fern\u00e1ndez, contin\u00fao desarrollando una intensa agenda junto al Embajador Daniel Scioli. En este marco, se mantuvo el encuentro el productivo virtual promocionado por CGERA \u201cSantiago del &#8230;<\/p>\n","protected":false},"author":2,"featured_media":2298,"comment_status":"closed","ping_status":"closed","sticky":false,"template":"","format":"standard","meta":[],"categories":[1],"tags":[],"_links":{"self":[{"href":"https:\/\/www.cge-ra.org\/V16\/wp-json\/wp\/v2\/posts\/2297"}],"collection":[{"href":"https:\/\/www.cge-ra.org\/V16\/wp-json\/wp\/v2\/posts"}],"about":[{"href":"https:\/\/www.cge-ra.org\/V16\/wp-json\/wp\/v2\/types\/post"}],"author":[{"embeddable":true,"href":"https:\/\/www.cge-ra.org\/V16\/wp-json\/wp\/v2\/users\/2"}],"replies":[{"embeddable":true,"href":"https:\/\/www.cge-ra.org\/V16\/wp-json\/wp\/v2\/comments?post=2297"}],"version-history":[{"count":1,"href":"https:\/\/www.cge-ra.org\/V16\/wp-json\/wp\/v2\/posts\/2297\/revisions"}],"predecessor-version":[{"id":2300,"href":"https:\/\/www.cge-ra.org\/V16\/wp-json\/wp\/v2\/posts\/2297\/revisions\/2300"}],"wp:featuredmedia":[{"embeddable":true,"href":"https:\/\/www.cge-ra.org\/V16\/wp-json\/wp\/v2\/media\/2298"}],"wp:attachment":[{"href":"https:\/\/www.cge-ra.org\/V16\/wp-json\/wp\/v2\/media?parent=2297"}],"wp:term":[{"taxonomy":"category","embeddable":true,"href":"https:\/\/www.cge-ra.org\/V16\/wp-json\/wp\/v2\/categories?post=2297"},{"taxonomy":"post_tag","embeddable":true,"href":"https:\/\/www.cge-ra.org\/V16\/wp-json\/wp\/v2\/tags?post=2297"}],"curies":[{"name":"wp","href":"https:\/\/api.w.org\/{rel}","templated":true}]}}