{"id":2355,"date":"2021-03-01T19:27:09","date_gmt":"2021-03-01T19:27:09","guid":{"rendered":"http:\/\/www.cge-ra.org\/V16\/?p=2355"},"modified":"2021-03-01T19:27:09","modified_gmt":"2021-03-01T19:27:09","slug":"cgera-si-podemos-plasmar-los-anuncios-del-presidente-para-los-sectores-productivos-muy-pronto-vamos-a-superar-esta-crisis","status":"publish","type":"post","link":"https:\/\/www.cge-ra.org\/V16\/cgera-si-podemos-plasmar-los-anuncios-del-presidente-para-los-sectores-productivos-muy-pronto-vamos-a-superar-esta-crisis\/","title":{"rendered":"CGERA: \u201cSi podemos plasmar los anuncios del Presidente para los sectores productivos, muy pronto vamos a superar esta crisis\u00bb"},"content":{"rendered":"<p><a href=\"http:\/\/www.cge-ra.org\/V16\/wp-content\/uploads\/2020\/05\/na20fo01-1.jpg\"><img decoding=\"async\" loading=\"lazy\" class=\"aligncenter  wp-image-2175\" src=\"http:\/\/www.cge-ra.org\/V16\/wp-content\/uploads\/2020\/05\/na20fo01-1.jpg\" alt=\"\" width=\"582\" height=\"388\" srcset=\"https:\/\/www.cge-ra.org\/V16\/wp-content\/uploads\/2020\/05\/na20fo01-1.jpg 960w, https:\/\/www.cge-ra.org\/V16\/wp-content\/uploads\/2020\/05\/na20fo01-1-300x200.jpg 300w, https:\/\/www.cge-ra.org\/V16\/wp-content\/uploads\/2020\/05\/na20fo01-1-768x512.jpg 768w\" sizes=\"(max-width: 582px) 100vw, 582px\" \/><\/a><\/p>\n<p>La Confederaci\u00f3n General Empresaria de la Rep\u00fablica Argentina (CGERA), destac\u00f3 este lunes las palabras del Presidente Alberto Fern\u00e1ndez durante su discurso ante la Asamblea Legislativa, en el cual se ratific\u00f3 la decisi\u00f3n del Gobierno respaldar a los sectores productivos.<\/p>\n<p>\u201cLos empresarios PYMES nos pondremos a trabajar muy fuerte para que el respaldo del Gobierno a los sectores productivos se haga realidad y podamos salir de la crisis econ\u00f3mica generada por el gobierno anterior y acentuada por la pandemia\u201d, manifest\u00f3 el Presidente de CGERA, Marcelo Fern\u00e1ndez.<\/p>\n<p>En este sentido, luego de que el jefe de Estado hiciera hincapi\u00e9 en las pol\u00edticas llevadas adelante por el Gobierno durante la pandemia y confirmara que se impulsar\u00e1 a las PYMES y a la industria, Fern\u00e1ndez asegur\u00f3 que \u201csi podemos plasmar los anuncios del Presidente para los sectores productivos, muy pronto vamos a superar esta crisis; sobre todo por las leyes para favorecer a los sectores productivos, el cuidado de tarifas y el desarrollo al sector interno\u201d.<\/p>\n<p>Adem\u00e1s, el Presidente de CGERA, y Consejero del Consejo Econ\u00f3mico y Social en representaci\u00f3n de las PYMES, coincidi\u00f3 con Alberto Fern\u00e1ndez, al sostener que \u201cel di\u00e1logo entre todos los actores va a contribuir a alinear las expectativas de inflaci\u00f3n\u201d. \u201cComo dijo el Presidente: nadie se salva solo y es central coordinar nuestros esfuerzos para que el salario le gane a la inflaci\u00f3n\u201d, concluy\u00f3 Fern\u00e1ndez.<\/p>\n","protected":false},"excerpt":{"rendered":"<p>La Confederaci\u00f3n General Empresaria de la Rep\u00fablica Argentina (CGERA), destac\u00f3 este lunes las palabras del Presidente Alberto Fern\u00e1ndez durante su discurso ante la Asamblea Legislativa, en el cual se ratific\u00f3 la decisi\u00f3n del Gobierno respaldar a los sectores productivos. \u201cLos empresarios PYMES nos pondremos a trabajar muy fuerte para que el respaldo del Gobierno a &#8230;<\/p>\n","protected":false},"author":2,"featured_media":2175,"comment_status":"closed","ping_status":"closed","sticky":false,"template":"","format":"standard","meta":[],"categories":[4,45,7],"tags":[],"_links":{"self":[{"href":"https:\/\/www.cge-ra.org\/V16\/wp-json\/wp\/v2\/posts\/2355"}],"collection":[{"href":"https:\/\/www.cge-ra.org\/V16\/wp-json\/wp\/v2\/posts"}],"about":[{"href":"https:\/\/www.cge-ra.org\/V16\/wp-json\/wp\/v2\/types\/post"}],"author":[{"embeddable":true,"href":"https:\/\/www.cge-ra.org\/V16\/wp-json\/wp\/v2\/users\/2"}],"replies":[{"embeddable":true,"href":"https:\/\/www.cge-ra.org\/V16\/wp-json\/wp\/v2\/comments?post=2355"}],"version-history":[{"count":1,"href":"https:\/\/www.cge-ra.org\/V16\/wp-json\/wp\/v2\/posts\/2355\/revisions"}],"predecessor-version":[{"id":2356,"href":"https:\/\/www.cge-ra.org\/V16\/wp-json\/wp\/v2\/posts\/2355\/revisions\/2356"}],"wp:featuredmedia":[{"embeddable":true,"href":"https:\/\/www.cge-ra.org\/V16\/wp-json\/wp\/v2\/media\/2175"}],"wp:attachment":[{"href":"https:\/\/www.cge-ra.org\/V16\/wp-json\/wp\/v2\/media?parent=2355"}],"wp:term":[{"taxonomy":"category","embeddable":true,"href":"https:\/\/www.cge-ra.org\/V16\/wp-json\/wp\/v2\/categories?post=2355"},{"taxonomy":"post_tag","embeddable":true,"href":"https:\/\/www.cge-ra.org\/V16\/wp-json\/wp\/v2\/tags?post=2355"}],"curies":[{"name":"wp","href":"https:\/\/api.w.org\/{rel}","templated":true}]}}