{"id":2452,"date":"2021-07-28T19:37:01","date_gmt":"2021-07-28T19:37:01","guid":{"rendered":"http:\/\/www.cge-ra.org\/V16\/?p=2452"},"modified":"2021-07-28T19:57:25","modified_gmt":"2021-07-28T19:57:25","slug":"marcelo-fernandez-en-la-oea-necesitamos-una-mejor-integracion-para-fortalecer-el-desarrollo-de-las-pymes","status":"publish","type":"post","link":"https:\/\/www.cge-ra.org\/V16\/marcelo-fernandez-en-la-oea-necesitamos-una-mejor-integracion-para-fortalecer-el-desarrollo-de-las-pymes\/","title":{"rendered":"Marcelo Fern\u00e1ndez en la OEA: \u201cNecesitamos una mejor integraci\u00f3n para fortalecer el desarrollo de las PYMES\u201d"},"content":{"rendered":"<p><a href=\"http:\/\/www.cge-ra.org\/V16\/wp-content\/uploads\/2021\/07\/22.png\"><img decoding=\"async\" loading=\"lazy\" class=\"aligncenter size-full wp-image-2453\" src=\"http:\/\/www.cge-ra.org\/V16\/wp-content\/uploads\/2021\/07\/22.png\" alt=\"\" width=\"684\" height=\"430\" srcset=\"https:\/\/www.cge-ra.org\/V16\/wp-content\/uploads\/2021\/07\/22.png 684w, https:\/\/www.cge-ra.org\/V16\/wp-content\/uploads\/2021\/07\/22-300x189.png 300w\" sizes=\"(max-width: 684px) 100vw, 684px\" \/><\/a><\/p>\n<p>El Presidente de la Confederaci\u00f3n General Empresaria de la Rep\u00fablica Argentina (CGERA), Marcelo Fern\u00e1ndez, expuso este mi\u00e9rcoles en el coloquio \u201cLa contribuci\u00f3n de las empresas al desarrollo integral y sostenible en las am\u00e9ricas\u201d, organizado por la Organizaci\u00f3n de los Estados Americanos (OEA).<\/p>\n<p>En este marco, Fern\u00e1ndez disert\u00f3 sobre las perspectivas de la peque\u00f1a y mediana empresa ante la pospandemia en el panel \u201cEmpresas como catalizadoras del desarrollo en las am\u00e9ricas\u201d. \u201cEs importante que los empresarios PYMES estemos sentados en la OEA para discutir las mejores pol\u00edticas para generar empleo y terminar con la pobreza. Para eso, es necesario tener en la regi\u00f3n una comunicaci\u00f3n m\u00e1s fluida y una mejor integraci\u00f3n para fortalecer el desarrollo de las PYMES\u201d, explic\u00f3 Fern\u00e1ndez.<\/p>\n<p>Asimismo, el Presidente de CGERA se\u00f1al\u00f3 que \u201cel sector PYME debe tener una mayor integraci\u00f3n con la gran empresa\u201d ya que \u201cnos necesitamos rec\u00edprocamente y la interrelaci\u00f3n que tenemos es permanente\u201d. \u201cAl sector privado y a la pol\u00edtica a veces les cuesta entender esta integraci\u00f3n, pero es necesario tener la responsabilidad para que esto se lleve a cabo\u201d, agreg\u00f3.<\/p>\n<p>Durante su intervenci\u00f3n, Fern\u00e1ndez tambi\u00e9n hizo hincapi\u00e9 en que \u201cen la Argentina hay 600.000 PYMES que generan m\u00e1s del 75% de la mano de obra\u201d. Adem\u00e1s, aclar\u00f3 que \u201ces el sector que genera mayor empleo y que mejor distribuye la riqueza\u201d. \u201cPor eso tenemos que discutir qu\u00e9 tipo de industria queremos\u201d, concluy\u00f3.<\/p>\n<p>En el panel, tambi\u00e9n participaron el Presidente Comit\u00e9 Empresarial de Asesoramiento T\u00e9cnico en Asuntos Laborales de la Organizaci\u00f3n de Estados Americanos (CEATAL), Daniel Funes de Rioja; el Presidente del Comit\u00e9 Consultivo de Integraci\u00f3n Econ\u00f3mica, Julio Castilla, y el emprendedor Alejandro Souza.<\/p>\n","protected":false},"excerpt":{"rendered":"<p>El Presidente de la Confederaci\u00f3n General Empresaria de la Rep\u00fablica Argentina (CGERA), Marcelo Fern\u00e1ndez, expuso este mi\u00e9rcoles en el coloquio \u201cLa contribuci\u00f3n de las empresas al desarrollo integral y sostenible en las am\u00e9ricas\u201d, organizado por la Organizaci\u00f3n de los Estados Americanos (OEA). En este marco, Fern\u00e1ndez disert\u00f3 sobre las perspectivas de la peque\u00f1a y mediana &#8230;<\/p>\n","protected":false},"author":2,"featured_media":0,"comment_status":"closed","ping_status":"closed","sticky":false,"template":"","format":"standard","meta":[],"categories":[4,45,7],"tags":[],"_links":{"self":[{"href":"https:\/\/www.cge-ra.org\/V16\/wp-json\/wp\/v2\/posts\/2452"}],"collection":[{"href":"https:\/\/www.cge-ra.org\/V16\/wp-json\/wp\/v2\/posts"}],"about":[{"href":"https:\/\/www.cge-ra.org\/V16\/wp-json\/wp\/v2\/types\/post"}],"author":[{"embeddable":true,"href":"https:\/\/www.cge-ra.org\/V16\/wp-json\/wp\/v2\/users\/2"}],"replies":[{"embeddable":true,"href":"https:\/\/www.cge-ra.org\/V16\/wp-json\/wp\/v2\/comments?post=2452"}],"version-history":[{"count":1,"href":"https:\/\/www.cge-ra.org\/V16\/wp-json\/wp\/v2\/posts\/2452\/revisions"}],"predecessor-version":[{"id":2454,"href":"https:\/\/www.cge-ra.org\/V16\/wp-json\/wp\/v2\/posts\/2452\/revisions\/2454"}],"wp:attachment":[{"href":"https:\/\/www.cge-ra.org\/V16\/wp-json\/wp\/v2\/media?parent=2452"}],"wp:term":[{"taxonomy":"category","embeddable":true,"href":"https:\/\/www.cge-ra.org\/V16\/wp-json\/wp\/v2\/categories?post=2452"},{"taxonomy":"post_tag","embeddable":true,"href":"https:\/\/www.cge-ra.org\/V16\/wp-json\/wp\/v2\/tags?post=2452"}],"curies":[{"name":"wp","href":"https:\/\/api.w.org\/{rel}","templated":true}]}}