{"id":2474,"date":"2021-09-07T15:09:19","date_gmt":"2021-09-07T15:09:19","guid":{"rendered":"http:\/\/www.cge-ra.org\/V16\/?p=2474"},"modified":"2021-09-07T15:09:19","modified_gmt":"2021-09-07T15:09:19","slug":"reiniciaron-las-actividades-del-centro-de-formacion-profesional-de-cgera","status":"publish","type":"post","link":"https:\/\/www.cge-ra.org\/V16\/reiniciaron-las-actividades-del-centro-de-formacion-profesional-de-cgera\/","title":{"rendered":"Reiniciaron las actividades del Centro de Formaci\u00f3n Profesional de CGERA"},"content":{"rendered":"<p><a href=\"http:\/\/www.cge-ra.org\/V16\/wp-content\/uploads\/2021\/09\/CGERA1.jpg\"><img decoding=\"async\" loading=\"lazy\" class=\"aligncenter size-large wp-image-2475\" src=\"http:\/\/www.cge-ra.org\/V16\/wp-content\/uploads\/2021\/09\/CGERA1-1024x585.jpg\" alt=\"\" width=\"618\" height=\"353\" srcset=\"https:\/\/www.cge-ra.org\/V16\/wp-content\/uploads\/2021\/09\/CGERA1-1024x585.jpg 1024w, https:\/\/www.cge-ra.org\/V16\/wp-content\/uploads\/2021\/09\/CGERA1-300x171.jpg 300w, https:\/\/www.cge-ra.org\/V16\/wp-content\/uploads\/2021\/09\/CGERA1-768x438.jpg 768w, https:\/\/www.cge-ra.org\/V16\/wp-content\/uploads\/2021\/09\/CGERA1.jpg 1037w\" sizes=\"(max-width: 618px) 100vw, 618px\" \/><\/a><\/p>\n<p>Este martes se retomaron las actividades de Formaci\u00f3n de nuevos emprendedores y emprendedoras del Centro de Formaci\u00f3n Profesional de CGERA. Fue a trav\u00e9s del Programa de Empleo Independiente firmado en 2018 con el Ministerio de Trabajo, que hab\u00eda quedado inconcluso y detenido debido a la Pandemia.<\/p>\n<p>En este marco, Mariano Santoro nuevo responsable y Coordinador General de los Centros de Formaci\u00f3n Profesional de CGERA, afirm\u00f3 que \u201chace ya varios meses que venimos trabajando en la reformulaci\u00f3n del Centro de Formaci\u00f3n de CGERA\u201d. \u201cCuando nos encontramos con Marcelo Fern\u00e1ndez, nos plante\u00f3 un proyecto ambicioso de cambio integral del Centro. La propuesta nos pareci\u00f3 interesante e innovadora. La Renovaci\u00f3n que estamos haciendo es integral\u201d, agreg\u00f3.<\/p>\n<p>Asimismo, Santoro explic\u00f3 que \u201chubiera sido m\u00e1s f\u00e1cil poner un zoom y repetir el esquema presencial virtualmente\u201d, pero aclar\u00f3 que \u201cpor el contrario, la idea fue crea un Portal Educativo propio de la Confederaci\u00f3n, \u00e1gil, intuitivo, interactivo y de F\u00e1cil acceso, con posibilidades de expansi\u00f3n ampliaci\u00f3n de contenidos y actualizado a los tiempos que corren y las nuevas metodolog\u00edas de ense\u00f1anza que se imponen en el Mundo\u201d.<\/p>\n<p>La nueva plataforma Educativa de CGERA combina contenidos asincr\u00f3nicos tanto en Texto, videos, tutoriales y Power Points, Trabajos Pr\u00e1cticos con y sin evaluaci\u00f3n para repetir las veces que sean necesarias para el alumno. Tambi\u00e9n permite la posibilidad de realizar actividades sincr\u00f3nicas ya sea v\u00eda meet o zoom en clases virtuales.<\/p>\n<p>Cuenta con un sistema de Estad\u00edstica que permitir\u00e1 ir actualiz\u00e1ndola de acuerdo a las necesidades. Posee un sistema autoevaluativo de cada Alumno y un sistema de mensajer\u00eda permanente tanto como con el Docente como con un cuerpo de Tutores especialmente dise\u00f1ado para contestar los requerimientos de los cursantes ya sean relacionados a aspectos pedag\u00f3gicos t\u00e9cnicos o administrativos.<\/p>\n<p>Para m\u00e1s informaci\u00f3n la nueva Plataforma de CGERA es la siguiente:<\/p>\n<p>https:\/\/formacionprofesionalcgera.ar\/<\/p>\n<p><a href=\"http:\/\/www.cge-ra.org\/V16\/wp-content\/uploads\/2021\/09\/CGERA2.jpg\"><img decoding=\"async\" loading=\"lazy\" class=\"aligncenter size-large wp-image-2476\" src=\"http:\/\/www.cge-ra.org\/V16\/wp-content\/uploads\/2021\/09\/CGERA2-1024x594.jpg\" alt=\"\" width=\"618\" height=\"358\" srcset=\"https:\/\/www.cge-ra.org\/V16\/wp-content\/uploads\/2021\/09\/CGERA2-1024x594.jpg 1024w, https:\/\/www.cge-ra.org\/V16\/wp-content\/uploads\/2021\/09\/CGERA2-300x174.jpg 300w, https:\/\/www.cge-ra.org\/V16\/wp-content\/uploads\/2021\/09\/CGERA2-768x445.jpg 768w, https:\/\/www.cge-ra.org\/V16\/wp-content\/uploads\/2021\/09\/CGERA2.jpg 1030w\" sizes=\"(max-width: 618px) 100vw, 618px\" \/><\/a><\/p>\n","protected":false},"excerpt":{"rendered":"<p>Este martes se retomaron las actividades de Formaci\u00f3n de nuevos emprendedores y emprendedoras del Centro de Formaci\u00f3n Profesional de CGERA. Fue a trav\u00e9s del Programa de Empleo Independiente firmado en 2018 con el Ministerio de Trabajo, que hab\u00eda quedado inconcluso y detenido debido a la Pandemia. En este marco, Mariano Santoro nuevo responsable y Coordinador &#8230;<\/p>\n","protected":false},"author":2,"featured_media":2476,"comment_status":"closed","ping_status":"closed","sticky":false,"template":"","format":"standard","meta":[],"categories":[4,5,7],"tags":[],"_links":{"self":[{"href":"https:\/\/www.cge-ra.org\/V16\/wp-json\/wp\/v2\/posts\/2474"}],"collection":[{"href":"https:\/\/www.cge-ra.org\/V16\/wp-json\/wp\/v2\/posts"}],"about":[{"href":"https:\/\/www.cge-ra.org\/V16\/wp-json\/wp\/v2\/types\/post"}],"author":[{"embeddable":true,"href":"https:\/\/www.cge-ra.org\/V16\/wp-json\/wp\/v2\/users\/2"}],"replies":[{"embeddable":true,"href":"https:\/\/www.cge-ra.org\/V16\/wp-json\/wp\/v2\/comments?post=2474"}],"version-history":[{"count":1,"href":"https:\/\/www.cge-ra.org\/V16\/wp-json\/wp\/v2\/posts\/2474\/revisions"}],"predecessor-version":[{"id":2477,"href":"https:\/\/www.cge-ra.org\/V16\/wp-json\/wp\/v2\/posts\/2474\/revisions\/2477"}],"wp:featuredmedia":[{"embeddable":true,"href":"https:\/\/www.cge-ra.org\/V16\/wp-json\/wp\/v2\/media\/2476"}],"wp:attachment":[{"href":"https:\/\/www.cge-ra.org\/V16\/wp-json\/wp\/v2\/media?parent=2474"}],"wp:term":[{"taxonomy":"category","embeddable":true,"href":"https:\/\/www.cge-ra.org\/V16\/wp-json\/wp\/v2\/categories?post=2474"},{"taxonomy":"post_tag","embeddable":true,"href":"https:\/\/www.cge-ra.org\/V16\/wp-json\/wp\/v2\/tags?post=2474"}],"curies":[{"name":"wp","href":"https:\/\/api.w.org\/{rel}","templated":true}]}}