{"id":2479,"date":"2021-09-13T15:30:03","date_gmt":"2021-09-13T15:30:03","guid":{"rendered":"http:\/\/www.cge-ra.org\/V16\/?p=2479"},"modified":"2021-09-13T15:43:42","modified_gmt":"2021-09-13T15:43:42","slug":"cgera-respaldo-el-proyecto-de-ley-de-compre-argentino-anunciado-por-el-gobierno","status":"publish","type":"post","link":"https:\/\/www.cge-ra.org\/V16\/cgera-respaldo-el-proyecto-de-ley-de-compre-argentino-anunciado-por-el-gobierno\/","title":{"rendered":"CGERA respald\u00f3 el proyecto de Ley de Compre Argentino anunciado por el Gobierno"},"content":{"rendered":"<p><a href=\"http:\/\/www.cge-ra.org\/V16\/wp-content\/uploads\/2019\/12\/0fc7df2e-811a-4c74-b39e-b3640938b807.jpg\"><img decoding=\"async\" loading=\"lazy\" class=\"aligncenter size-large wp-image-2082\" src=\"http:\/\/www.cge-ra.org\/V16\/wp-content\/uploads\/2019\/12\/0fc7df2e-811a-4c74-b39e-b3640938b807-1024x682.jpg\" alt=\"\" width=\"618\" height=\"412\" srcset=\"https:\/\/www.cge-ra.org\/V16\/wp-content\/uploads\/2019\/12\/0fc7df2e-811a-4c74-b39e-b3640938b807-1024x682.jpg 1024w, https:\/\/www.cge-ra.org\/V16\/wp-content\/uploads\/2019\/12\/0fc7df2e-811a-4c74-b39e-b3640938b807-300x200.jpg 300w, https:\/\/www.cge-ra.org\/V16\/wp-content\/uploads\/2019\/12\/0fc7df2e-811a-4c74-b39e-b3640938b807-768x512.jpg 768w, https:\/\/www.cge-ra.org\/V16\/wp-content\/uploads\/2019\/12\/0fc7df2e-811a-4c74-b39e-b3640938b807.jpg 1280w\" sizes=\"(max-width: 618px) 100vw, 618px\" \/><\/a><\/p>\n<p>La Confederaci\u00f3n General Empresaria de la Rep\u00fablica Argentina (CGERA), respald\u00f3 este lunes el proyecto de Ley de Compre Argentino, Desarrollo de Proveedores y Compras para la Innovaci\u00f3n, anunciado por el Presidente Alberto Fern\u00e1ndez y el ministro de Desarrollo Productivo, Mat\u00edas Kulfas.<\/p>\n<p>\u00abEs un proyecto de Ley que las PYMEs esper\u00e1bamos hace tiempo. Esto va a beneficiar a la producci\u00f3n nacional y al trabajo argentino\u00bb, manifest\u00f3 Marcelo Fern\u00e1ndez, Presidente de CGERA. Asimismo, indic\u00f3 que \u00absobre todas las cosas, va a permitir que las PYMES participen en compras en las que no ten\u00edan presencia con anterioridad\u00bb.<\/p>\n<p>En este sentido, el Secretario General de CGERA, Ra\u00fal Zylbersztein, explic\u00f3 que \u00abel poder de compra del Estado viene de los impuestos que pagamos por la actividad comercial y es l\u00f3gico que esa compra ayude a la actividad local y as\u00ed retroalimentarse\u00bb. Asimismo, se\u00f1al\u00f3 que las compras \u00abdeban ser obligatorias para las empresas con alg\u00fan porcentaje estatal\u00bb. \u00abEs importante ver estos detalles que contradicen la cultura del trabajo y la producci\u00f3n nacional\u00bb, agreg\u00f3.<\/p>\n<p>El Proyecto apunta a promover una mayor participaci\u00f3n de la industria nacional en las compras p\u00fablicas, generar puestos de trabajo y estimular el desarrollo de inversiones y transferencias de tecnolog\u00eda hacia los sectores de la econom\u00eda nacional con mayores capacidades productivas.<\/p>\n<p>El Gobierno precis\u00f3 que con estas modificaciones se podr\u00e1n generar 30 mil nuevos empleos privados, fomentar la inversi\u00f3n de 40.000 millones de pesos anuales adicionales en investigaci\u00f3n, desarrollo e innovaci\u00f3n al a\u00f1o, y ahorrar 300 millones de d\u00f3lares de divisas anuales.<\/p>\n","protected":false},"excerpt":{"rendered":"<p>La Confederaci\u00f3n General Empresaria de la Rep\u00fablica Argentina (CGERA), respald\u00f3 este lunes el proyecto de Ley de Compre Argentino, Desarrollo de Proveedores y Compras para la Innovaci\u00f3n, anunciado por el Presidente Alberto Fern\u00e1ndez y el ministro de Desarrollo Productivo, Mat\u00edas Kulfas. \u00abEs un proyecto de Ley que las PYMEs esper\u00e1bamos hace tiempo. Esto va a &#8230;<\/p>\n","protected":false},"author":2,"featured_media":2082,"comment_status":"closed","ping_status":"closed","sticky":false,"template":"","format":"standard","meta":[],"categories":[4,45,7],"tags":[],"_links":{"self":[{"href":"https:\/\/www.cge-ra.org\/V16\/wp-json\/wp\/v2\/posts\/2479"}],"collection":[{"href":"https:\/\/www.cge-ra.org\/V16\/wp-json\/wp\/v2\/posts"}],"about":[{"href":"https:\/\/www.cge-ra.org\/V16\/wp-json\/wp\/v2\/types\/post"}],"author":[{"embeddable":true,"href":"https:\/\/www.cge-ra.org\/V16\/wp-json\/wp\/v2\/users\/2"}],"replies":[{"embeddable":true,"href":"https:\/\/www.cge-ra.org\/V16\/wp-json\/wp\/v2\/comments?post=2479"}],"version-history":[{"count":2,"href":"https:\/\/www.cge-ra.org\/V16\/wp-json\/wp\/v2\/posts\/2479\/revisions"}],"predecessor-version":[{"id":2481,"href":"https:\/\/www.cge-ra.org\/V16\/wp-json\/wp\/v2\/posts\/2479\/revisions\/2481"}],"wp:featuredmedia":[{"embeddable":true,"href":"https:\/\/www.cge-ra.org\/V16\/wp-json\/wp\/v2\/media\/2082"}],"wp:attachment":[{"href":"https:\/\/www.cge-ra.org\/V16\/wp-json\/wp\/v2\/media?parent=2479"}],"wp:term":[{"taxonomy":"category","embeddable":true,"href":"https:\/\/www.cge-ra.org\/V16\/wp-json\/wp\/v2\/categories?post=2479"},{"taxonomy":"post_tag","embeddable":true,"href":"https:\/\/www.cge-ra.org\/V16\/wp-json\/wp\/v2\/tags?post=2479"}],"curies":[{"name":"wp","href":"https:\/\/api.w.org\/{rel}","templated":true}]}}