{"id":2484,"date":"2021-09-21T14:42:58","date_gmt":"2021-09-21T14:42:58","guid":{"rendered":"http:\/\/www.cge-ra.org\/V16\/?p=2484"},"modified":"2021-09-21T15:02:53","modified_gmt":"2021-09-21T15:02:53","slug":"industriales-de-cgera-queremos-que-el-aumento-del-salario-minimo-vital-y-movil-se-dirija-al-consumo-de-productos-pyme","status":"publish","type":"post","link":"https:\/\/www.cge-ra.org\/V16\/industriales-de-cgera-queremos-que-el-aumento-del-salario-minimo-vital-y-movil-se-dirija-al-consumo-de-productos-pyme\/","title":{"rendered":"CGERA: \u201cQueremos que el aumento del Salario M\u00ednimo, Vital y M\u00f3vil se dirija al consumo de productos PYME\u201d"},"content":{"rendered":"<p><a href=\"http:\/\/www.cge-ra.org\/V16\/wp-content\/uploads\/2020\/05\/na20fo01-1.jpg\"><img decoding=\"async\" loading=\"lazy\" class=\"aligncenter wp-image-2175\" src=\"http:\/\/www.cge-ra.org\/V16\/wp-content\/uploads\/2020\/05\/na20fo01-1.jpg\" alt=\"\" width=\"686\" height=\"457\" srcset=\"https:\/\/www.cge-ra.org\/V16\/wp-content\/uploads\/2020\/05\/na20fo01-1.jpg 960w, https:\/\/www.cge-ra.org\/V16\/wp-content\/uploads\/2020\/05\/na20fo01-1-300x200.jpg 300w, https:\/\/www.cge-ra.org\/V16\/wp-content\/uploads\/2020\/05\/na20fo01-1-768x512.jpg 768w\" sizes=\"(max-width: 686px) 100vw, 686px\" \/><\/a><\/p>\n<p>En el marco de su participaci\u00f3n en el Consejo del Salario M\u00ednimo, Vital y M\u00f3vil, el Presidente de la Confederaci\u00f3n General Empresaria de la Rep\u00fablica Argentina (CGERA), Marcelo Fern\u00e1ndez, destac\u00f3 la importancia de que los incrementos salariales se dirijan hacia los productos que fabrican las Peque\u00f1as y Medianas Empresas.<\/p>\n<p>De esta manera, el titular de CGERA explic\u00f3 que \u201clos industriales PYMES estamos dispuestos a que se recomponga el salario\u201d, pero aclar\u00f3 que es necesario que \u201clos aumentos vayan al consumo interno de los productos que producimos y no solamente hacia alimentos o sectores concentrados de la econom\u00eda\u201d.<\/p>\n<p>En este sentido, Fern\u00e1ndez tambi\u00e9n hizo hincapi\u00e9 en la importancia de la presencia del empresariado PYME en el Consejo del Salario M\u00ednimo, Vital y M\u00f3vil y remarc\u00f3 que \u201clos sectores industriales queremos ser parte de la discusi\u00f3n sobre la redistribuci\u00f3n de la riqueza y esperan que la actualizaci\u00f3n dinamice el consumo de los productos PYME\u201d.<\/p>\n<p>CGERA representa a miles de pymes agrupadas en m\u00e1s de 90 C\u00e1maras y Federaciones de todo el pa\u00eds. Algunos de los sectores industriales que la constituyen son Manufacturas del Cuero, Indumentaria, Curtiembres, Exportadores pymes, de la Carne, Electr\u00f3nicos, Radiodifusores, \u00d3pticos, Engordadores de Hacienda, Fabricantes de Tintas Gr\u00e1ficas, Metal\u00fargicos, Insumos textiles, del Juguete, Industria del Calzado, Herrajes, Productores Art\u00edsticos y Culturales, Seguridad, Construcci\u00f3n, Empresas Procesadoras Av\u00edcolas, Laboratorios, Farmacias, Textiles, Autopartes Pyme, Panaderil, Ferroviarios, aires acondicionados, industria naval, de fuegos de artificios, entre otros.<\/p>\n","protected":false},"excerpt":{"rendered":"<p>En el marco de su participaci\u00f3n en el Consejo del Salario M\u00ednimo, Vital y M\u00f3vil, el Presidente de la Confederaci\u00f3n General Empresaria de la Rep\u00fablica Argentina (CGERA), Marcelo Fern\u00e1ndez, destac\u00f3 la importancia de que los incrementos salariales se dirijan hacia los productos que fabrican las Peque\u00f1as y Medianas Empresas. De esta manera, el titular de &#8230;<\/p>\n","protected":false},"author":2,"featured_media":2175,"comment_status":"closed","ping_status":"closed","sticky":false,"template":"","format":"standard","meta":[],"categories":[4,45,7],"tags":[],"_links":{"self":[{"href":"https:\/\/www.cge-ra.org\/V16\/wp-json\/wp\/v2\/posts\/2484"}],"collection":[{"href":"https:\/\/www.cge-ra.org\/V16\/wp-json\/wp\/v2\/posts"}],"about":[{"href":"https:\/\/www.cge-ra.org\/V16\/wp-json\/wp\/v2\/types\/post"}],"author":[{"embeddable":true,"href":"https:\/\/www.cge-ra.org\/V16\/wp-json\/wp\/v2\/users\/2"}],"replies":[{"embeddable":true,"href":"https:\/\/www.cge-ra.org\/V16\/wp-json\/wp\/v2\/comments?post=2484"}],"version-history":[{"count":4,"href":"https:\/\/www.cge-ra.org\/V16\/wp-json\/wp\/v2\/posts\/2484\/revisions"}],"predecessor-version":[{"id":2488,"href":"https:\/\/www.cge-ra.org\/V16\/wp-json\/wp\/v2\/posts\/2484\/revisions\/2488"}],"wp:featuredmedia":[{"embeddable":true,"href":"https:\/\/www.cge-ra.org\/V16\/wp-json\/wp\/v2\/media\/2175"}],"wp:attachment":[{"href":"https:\/\/www.cge-ra.org\/V16\/wp-json\/wp\/v2\/media?parent=2484"}],"wp:term":[{"taxonomy":"category","embeddable":true,"href":"https:\/\/www.cge-ra.org\/V16\/wp-json\/wp\/v2\/categories?post=2484"},{"taxonomy":"post_tag","embeddable":true,"href":"https:\/\/www.cge-ra.org\/V16\/wp-json\/wp\/v2\/tags?post=2484"}],"curies":[{"name":"wp","href":"https:\/\/api.w.org\/{rel}","templated":true}]}}