{"id":2489,"date":"2021-09-25T18:10:32","date_gmt":"2021-09-25T18:10:32","guid":{"rendered":"http:\/\/www.cge-ra.org\/V16\/?p=2489"},"modified":"2021-09-25T18:10:32","modified_gmt":"2021-09-25T18:10:32","slug":"cgera-convoco-a-debatir-a-organizaciones-sindicales-sociales-y-al-gobierno-para-que-los-aumentos-salariales-se-dirijan-a-productos-de-pymes-nacionales","status":"publish","type":"post","link":"https:\/\/www.cge-ra.org\/V16\/cgera-convoco-a-debatir-a-organizaciones-sindicales-sociales-y-al-gobierno-para-que-los-aumentos-salariales-se-dirijan-a-productos-de-pymes-nacionales\/","title":{"rendered":"CGERA convoc\u00f3 a debatir a organizaciones sindicales, sociales y al Gobierno para que los aumentos salariales se dirijan a productos de PYMES nacionales"},"content":{"rendered":"<p><a href=\"http:\/\/www.cge-ra.org\/V16\/wp-content\/uploads\/2020\/11\/Norberto-Fermani-LGI-1.jpg\"><img decoding=\"async\" loading=\"lazy\" class=\"aligncenter size-large wp-image-2303\" src=\"http:\/\/www.cge-ra.org\/V16\/wp-content\/uploads\/2020\/11\/Norberto-Fermani-LGI-1-1024x683.jpg\" alt=\"\" width=\"618\" height=\"412\" srcset=\"https:\/\/www.cge-ra.org\/V16\/wp-content\/uploads\/2020\/11\/Norberto-Fermani-LGI-1-1024x683.jpg 1024w, https:\/\/www.cge-ra.org\/V16\/wp-content\/uploads\/2020\/11\/Norberto-Fermani-LGI-1-300x200.jpg 300w, https:\/\/www.cge-ra.org\/V16\/wp-content\/uploads\/2020\/11\/Norberto-Fermani-LGI-1-768x512.jpg 768w, https:\/\/www.cge-ra.org\/V16\/wp-content\/uploads\/2020\/11\/Norberto-Fermani-LGI-1.jpg 1620w\" sizes=\"(max-width: 618px) 100vw, 618px\" \/><\/a><\/p>\n<p>Luego del incremento del Salario M\u00ednimo Vital y M\u00f3vil, industriales de la Confederaci\u00f3n General Empresaria de la Rep\u00fablica Argentina (CGERA) convoc\u00f3 a una reuni\u00f3n junto a la Confederaci\u00f3n General del Trabajo (CGT), organizaciones sindicales y sociales, y los Ministerios de Desarrollo Productivo y de Trabajo para debatir herramientas para que los aumentos salariales se dirijan a productos de la industria nacional.<\/p>\n<p>En este sentido, el Presidente de CGERA, Marcelo Fern\u00e1ndez, explic\u00f3 que \u201clos empresarios entendemos que era necesario recomponer el salario de los trabajadores, pero tenemos que aplicar medidas adicionales para que este incremento no solamente vaya al consumo de alimentos o a sectores concentrados de la econom\u00eda\u201d.<\/p>\n<p>Animismo, Fern\u00e1ndez afirm\u00f3 que \u00abtambi\u00e9n queremos analizar c\u00f3mo podemos colaborar con la Secretaria de Comercio para fortalecer esta propuesta\u00bb.<\/p>\n<p>Seg\u00fan el Instituto Nacional de Estad\u00edstica y Censos (INDEC), en los primeros seis meses del a\u00f1o, los alimentos subieron 26,4%, mientras que los salarios se incrementaron 22,8%. Por este motivo, Fern\u00e1ndez resalt\u00f3 que es necesario discutir herramientas para que la actualizaci\u00f3n salarial dinamice el consumo de los productos de las PYMES. \u201cLos sectores industriales queremos ser parte de la discusi\u00f3n sobre la redistribuci\u00f3n de la riqueza\u00bb, se\u00f1al\u00f3.<\/p>\n<p>En tanto, el Secretario de la C\u00e1mara de Calzado, Pedro Moschetto, insisti\u00f3 en la importancia de aplicar medidas adicionales, ya que \u201cest\u00e1 demostrado que un aumento de salario dentro de una econom\u00eda estable se transforma en un c\u00edrculo virtuoso en el cual el asalariado consume m\u00e1s\u201d. \u201cEso trae mayor producci\u00f3n nacional, achicamiento de costos y m\u00e1s trabajo\u201d, agreg\u00f3.<\/p>\n<p>Por su parte, el Presidente de la C\u00e1mara Argentina de la Industria \u00d3ptica (CADIOA), Norberto Fermani, afirm\u00f3 que \u201ces fundamental buscar herramientas que generen un consumo autosustentable y para ello necesitamos que el dinero vuelva a la producci\u00f3n y que se genere un espiral positivo que permita el crecimiento\u201d.<\/p>\n","protected":false},"excerpt":{"rendered":"<p>Luego del incremento del Salario M\u00ednimo Vital y M\u00f3vil, industriales de la Confederaci\u00f3n General Empresaria de la Rep\u00fablica Argentina (CGERA) convoc\u00f3 a una reuni\u00f3n junto a la Confederaci\u00f3n General del Trabajo (CGT), organizaciones sindicales y sociales, y los Ministerios de Desarrollo Productivo y de Trabajo para debatir herramientas para que los aumentos salariales se dirijan &#8230;<\/p>\n","protected":false},"author":2,"featured_media":0,"comment_status":"closed","ping_status":"closed","sticky":false,"template":"","format":"standard","meta":[],"categories":[4,45,7],"tags":[],"_links":{"self":[{"href":"https:\/\/www.cge-ra.org\/V16\/wp-json\/wp\/v2\/posts\/2489"}],"collection":[{"href":"https:\/\/www.cge-ra.org\/V16\/wp-json\/wp\/v2\/posts"}],"about":[{"href":"https:\/\/www.cge-ra.org\/V16\/wp-json\/wp\/v2\/types\/post"}],"author":[{"embeddable":true,"href":"https:\/\/www.cge-ra.org\/V16\/wp-json\/wp\/v2\/users\/2"}],"replies":[{"embeddable":true,"href":"https:\/\/www.cge-ra.org\/V16\/wp-json\/wp\/v2\/comments?post=2489"}],"version-history":[{"count":1,"href":"https:\/\/www.cge-ra.org\/V16\/wp-json\/wp\/v2\/posts\/2489\/revisions"}],"predecessor-version":[{"id":2490,"href":"https:\/\/www.cge-ra.org\/V16\/wp-json\/wp\/v2\/posts\/2489\/revisions\/2490"}],"wp:attachment":[{"href":"https:\/\/www.cge-ra.org\/V16\/wp-json\/wp\/v2\/media?parent=2489"}],"wp:term":[{"taxonomy":"category","embeddable":true,"href":"https:\/\/www.cge-ra.org\/V16\/wp-json\/wp\/v2\/categories?post=2489"},{"taxonomy":"post_tag","embeddable":true,"href":"https:\/\/www.cge-ra.org\/V16\/wp-json\/wp\/v2\/tags?post=2489"}],"curies":[{"name":"wp","href":"https:\/\/api.w.org\/{rel}","templated":true}]}}