{"id":2507,"date":"2021-11-04T20:31:42","date_gmt":"2021-11-04T20:31:42","guid":{"rendered":"http:\/\/www.cge-ra.org\/V16\/?p=2507"},"modified":"2021-11-04T20:31:42","modified_gmt":"2021-11-04T20:31:42","slug":"scioli-kicillof-y-fernandez-dialogaron-con-lula-sobre-la-relacion-economica-y-productiva-entre-argentina-y-brasil","status":"publish","type":"post","link":"https:\/\/www.cge-ra.org\/V16\/scioli-kicillof-y-fernandez-dialogaron-con-lula-sobre-la-relacion-economica-y-productiva-entre-argentina-y-brasil\/","title":{"rendered":"Scioli, Kicillof y Fern\u00e1ndez dialogaron con Lula sobre la relaci\u00f3n econ\u00f3mica y productiva entre Argentina y Brasil"},"content":{"rendered":"<p><a href=\"http:\/\/www.cge-ra.org\/V16\/wp-content\/uploads\/2021\/11\/1-1.jpg\"><img decoding=\"async\" loading=\"lazy\" class=\"aligncenter size-large wp-image-2508\" src=\"http:\/\/www.cge-ra.org\/V16\/wp-content\/uploads\/2021\/11\/1-1-1024x682.jpg\" alt=\"\" width=\"618\" height=\"412\" srcset=\"https:\/\/www.cge-ra.org\/V16\/wp-content\/uploads\/2021\/11\/1-1-1024x682.jpg 1024w, https:\/\/www.cge-ra.org\/V16\/wp-content\/uploads\/2021\/11\/1-1-300x200.jpg 300w, https:\/\/www.cge-ra.org\/V16\/wp-content\/uploads\/2021\/11\/1-1-768x512.jpg 768w, https:\/\/www.cge-ra.org\/V16\/wp-content\/uploads\/2021\/11\/1-1.jpg 1600w\" sizes=\"(max-width: 618px) 100vw, 618px\" \/><\/a><\/p>\n<p>Antes de la partida de la delegaci\u00f3n Argentina encabezada por el Gobernador Axel Kicillof y el Embajador Daniel Scioli, el ex Presidente Luiz In\u00e1cio Lula se acerc\u00f3 a saludar a los visitantes.<\/p>\n<p>En el encuentro se dialog\u00f3 del sobre la importancia del trabajo conjunto y se destac\u00f3 que las diferencias pol\u00edticas o ideilogicas no deben ser un problema para la relaci\u00f3n econ\u00f3mica y productiva entre ambos pa\u00edses.<\/p>\n<p>En este marco, Marcelo Fern\u00e1ndez Presidente de CGERA declar\u00f3 al t\u00e9rmino del encuentro la firme convicci\u00f3n que transmiti\u00f3 el ex Presidente de Brasil sobre el v\u00ednculo de ambas Naciones. \u00abLula con su sencillez nos marc\u00f3 el camino de la relaci\u00f3n bilateral y de lo clave que resulta est\u00e1 recuperaci\u00f3n Argentina en el comercio con el pa\u00eds vecino, nos vamos con entusiasmo porque ratificamos el objetivo de nuestra presencia en San Pablo\u00bb, afirm\u00f3.<\/p>\n","protected":false},"excerpt":{"rendered":"<p>Antes de la partida de la delegaci\u00f3n Argentina encabezada por el Gobernador Axel Kicillof y el Embajador Daniel Scioli, el ex Presidente Luiz In\u00e1cio Lula se acerc\u00f3 a saludar a los visitantes. En el encuentro se dialog\u00f3 del sobre la importancia del trabajo conjunto y se destac\u00f3 que las diferencias pol\u00edticas o ideilogicas no deben &#8230;<\/p>\n","protected":false},"author":2,"featured_media":2508,"comment_status":"closed","ping_status":"closed","sticky":false,"template":"","format":"standard","meta":[],"categories":[4,45,7],"tags":[],"_links":{"self":[{"href":"https:\/\/www.cge-ra.org\/V16\/wp-json\/wp\/v2\/posts\/2507"}],"collection":[{"href":"https:\/\/www.cge-ra.org\/V16\/wp-json\/wp\/v2\/posts"}],"about":[{"href":"https:\/\/www.cge-ra.org\/V16\/wp-json\/wp\/v2\/types\/post"}],"author":[{"embeddable":true,"href":"https:\/\/www.cge-ra.org\/V16\/wp-json\/wp\/v2\/users\/2"}],"replies":[{"embeddable":true,"href":"https:\/\/www.cge-ra.org\/V16\/wp-json\/wp\/v2\/comments?post=2507"}],"version-history":[{"count":1,"href":"https:\/\/www.cge-ra.org\/V16\/wp-json\/wp\/v2\/posts\/2507\/revisions"}],"predecessor-version":[{"id":2509,"href":"https:\/\/www.cge-ra.org\/V16\/wp-json\/wp\/v2\/posts\/2507\/revisions\/2509"}],"wp:featuredmedia":[{"embeddable":true,"href":"https:\/\/www.cge-ra.org\/V16\/wp-json\/wp\/v2\/media\/2508"}],"wp:attachment":[{"href":"https:\/\/www.cge-ra.org\/V16\/wp-json\/wp\/v2\/media?parent=2507"}],"wp:term":[{"taxonomy":"category","embeddable":true,"href":"https:\/\/www.cge-ra.org\/V16\/wp-json\/wp\/v2\/categories?post=2507"},{"taxonomy":"post_tag","embeddable":true,"href":"https:\/\/www.cge-ra.org\/V16\/wp-json\/wp\/v2\/tags?post=2507"}],"curies":[{"name":"wp","href":"https:\/\/api.w.org\/{rel}","templated":true}]}}