{"id":2547,"date":"2022-01-05T14:18:23","date_gmt":"2022-01-05T14:18:23","guid":{"rendered":"http:\/\/www.cge-ra.org\/V16\/?p=2547"},"modified":"2022-01-05T14:18:23","modified_gmt":"2022-01-05T14:18:23","slug":"preocupacion-del-sector-pyme-las-art-no-reconocen-la-cobertura-por-covid-19","status":"publish","type":"post","link":"https:\/\/www.cge-ra.org\/V16\/preocupacion-del-sector-pyme-las-art-no-reconocen-la-cobertura-por-covid-19\/","title":{"rendered":"Preocupaci\u00f3n del sector PYME: Las ART no reconocen la cobertura por COVID-19"},"content":{"rendered":"<p>La Confederaci\u00f3n General Empresaria de la Rep\u00fablica Argentina (CGERA), manifest\u00f3 este mi\u00e9rcoles la preocupaci\u00f3n del sector PYME ante la negativa de las Aseguradoras de Riesgos de Trabajo (ART) de prestar cobertura por COVID-19 para las trabajadoras y trabajadores industriales.<\/p>\n<p>En este sentido, las ART se amparan en el Decreto de Necesidad y Urgencia 39\/21, que establece que la cobertura por la pandemia se aplica \u00fanicamente para trabajadores y trabajadoras de la salud y miembros de fuerzas policiales, quedando sin efecto la cobertura para el resto de las y los trabajadores.<\/p>\n<p>Ante la situaci\u00f3n r\u00e9cord de contagios por la variante \u00d3micron de COVID-19, las ART est\u00e1n rechazando las solicitudes del personal enfermo por encontrarse fuera de la cobertura excepcional de emergencia. \u201cLos empresarios PYMES quedamos muy desguarnecido y estamos muy preocupados ya que las ART no reconocen al COVID dentro de sus coberturas\u201d, explicaron desde la entidad.<\/p>\n<p>\u201cEn el marco de la pandemia, muchos empresarios y empresarias se preguntan para qu\u00e9 tienen un seguro si las ART no cumplen con su rol ante el COVID-19\u201d, agregaron.<\/p>\n<p>Cabe destacar que la Superintendencia de Riesgos del Trabajo, a trav\u00e9s de la Resoluci\u00f3n 10\/2021, hab\u00eda determinado que \u201cpor el t\u00e9rmino de 90 d\u00edas corridos contados a partir de la vigencia del presente decreto, la enfermedad COVID-19 producida por el virus SARS-CoV-2 se considerar\u00e1 presuntivamente una enfermedad de car\u00e1cter profesional -no listada- en los t\u00e9rminos del apartado 2, inciso b) del art\u00edculo 6\u00ba de la Ley N\u00ba 24.557, respecto de la totalidad de las trabajadoras y los trabajadores dependientes incluidas e incluidos en el \u00e1mbito de aplicaci\u00f3n personal de la Ley N\u00b0 24.557 sobre Riesgos del Trabajo y que hayan prestado efectivamente tareas en sus lugares habituales, fuera de su domicilio particular\u201d.<\/p>\n<p>Asimismo, la norma publicada en el Bolet\u00edn Oficial precisaba que \u201ccuando se trate de trabajadoras y trabajadores de la salud y de miembros de fuerzas de seguridad federales o provinciales que cumplan servicio efectivo y durante el plazo indicado por el art\u00edculo 4\u00b0 del Decreto de Necesidad y Urgencia N\u00b0 367 del 13 de abril de 2020, modificado por el art\u00edculo 34 del Decreto de Necesidad y Urgencia N\u00b0 875 del 7 de noviembre de 2020, la Comisi\u00f3n M\u00e9dica Central (C.M.C.) deber\u00e1 entender que la contingencia guarda relaci\u00f3n de causalidad directa e inmediata con la labor efectuada, salvo que se demuestre, en el caso concreto, la inexistencia de este \u00faltimo supuesto f\u00e1ctico\u201d.<\/p>\n","protected":false},"excerpt":{"rendered":"<p>La Confederaci\u00f3n General Empresaria de la Rep\u00fablica Argentina (CGERA), manifest\u00f3 este mi\u00e9rcoles la preocupaci\u00f3n del sector PYME ante la negativa de las Aseguradoras de Riesgos de Trabajo (ART) de prestar cobertura por COVID-19 para las trabajadoras y trabajadores industriales. En este sentido, las ART se amparan en el Decreto de Necesidad y Urgencia 39\/21, que &#8230;<\/p>\n","protected":false},"author":2,"featured_media":2009,"comment_status":"closed","ping_status":"closed","sticky":false,"template":"","format":"standard","meta":[],"categories":[4,45,7],"tags":[],"_links":{"self":[{"href":"https:\/\/www.cge-ra.org\/V16\/wp-json\/wp\/v2\/posts\/2547"}],"collection":[{"href":"https:\/\/www.cge-ra.org\/V16\/wp-json\/wp\/v2\/posts"}],"about":[{"href":"https:\/\/www.cge-ra.org\/V16\/wp-json\/wp\/v2\/types\/post"}],"author":[{"embeddable":true,"href":"https:\/\/www.cge-ra.org\/V16\/wp-json\/wp\/v2\/users\/2"}],"replies":[{"embeddable":true,"href":"https:\/\/www.cge-ra.org\/V16\/wp-json\/wp\/v2\/comments?post=2547"}],"version-history":[{"count":1,"href":"https:\/\/www.cge-ra.org\/V16\/wp-json\/wp\/v2\/posts\/2547\/revisions"}],"predecessor-version":[{"id":2548,"href":"https:\/\/www.cge-ra.org\/V16\/wp-json\/wp\/v2\/posts\/2547\/revisions\/2548"}],"wp:featuredmedia":[{"embeddable":true,"href":"https:\/\/www.cge-ra.org\/V16\/wp-json\/wp\/v2\/media\/2009"}],"wp:attachment":[{"href":"https:\/\/www.cge-ra.org\/V16\/wp-json\/wp\/v2\/media?parent=2547"}],"wp:term":[{"taxonomy":"category","embeddable":true,"href":"https:\/\/www.cge-ra.org\/V16\/wp-json\/wp\/v2\/categories?post=2547"},{"taxonomy":"post_tag","embeddable":true,"href":"https:\/\/www.cge-ra.org\/V16\/wp-json\/wp\/v2\/tags?post=2547"}],"curies":[{"name":"wp","href":"https:\/\/api.w.org\/{rel}","templated":true}]}}