{"id":2566,"date":"2022-03-08T20:06:46","date_gmt":"2022-03-08T20:06:46","guid":{"rendered":"http:\/\/www.cge-ra.org\/V16\/?p=2566"},"modified":"2022-03-08T20:06:46","modified_gmt":"2022-03-08T20:06:46","slug":"cgera-pidio-en-el-plenario-de-comisiones-de-diputados-que-el-congreso-apruebe-el-acuerdo-con-el-fmi","status":"publish","type":"post","link":"https:\/\/www.cge-ra.org\/V16\/cgera-pidio-en-el-plenario-de-comisiones-de-diputados-que-el-congreso-apruebe-el-acuerdo-con-el-fmi\/","title":{"rendered":"CGERA pidi\u00f3 en el plenario de comisiones de Diputados que el Congreso apruebe el acuerdo con el FMI"},"content":{"rendered":"<p><a href=\"http:\/\/www.cge-ra.org\/V16\/wp-content\/uploads\/2022\/03\/2.png\"><img decoding=\"async\" loading=\"lazy\" class=\"aligncenter  wp-image-2567\" src=\"http:\/\/www.cge-ra.org\/V16\/wp-content\/uploads\/2022\/03\/2.png\" alt=\"\" width=\"602\" height=\"335\" srcset=\"https:\/\/www.cge-ra.org\/V16\/wp-content\/uploads\/2022\/03\/2.png 717w, https:\/\/www.cge-ra.org\/V16\/wp-content\/uploads\/2022\/03\/2-300x167.png 300w\" sizes=\"(max-width: 602px) 100vw, 602px\" \/><\/a><\/p>\n<p>El Presidente de la Confederaci\u00f3n General Empresaria de la Rep\u00fablica Argentina (CGERA), Marcelo Fern\u00e1ndez, expuso este martes en el plenario de comisiones de la C\u00e1mara de Diputados de la Naci\u00f3n, donde se analiz\u00f3 el proyecto de ley del acuerdo alcanzado con el Fondo Monetario Internacional (FMI).<\/p>\n<p>En este marco, Fern\u00e1ndez destac\u00f3 la importancia de que el Parlamento acompa\u00f1e el proyecto para generar tranquilidad en el sector industrial y comercial PYME y estabilidad en toda la cadena productiva. \u201cLa actividad productiva necesita de un pa\u00eds previsible y seguro\u201d, defini\u00f3 el Presidente de CGERA.<\/p>\n<p>Ante el plenario de comisiones, Fern\u00e1ndez afirm\u00f3 que \u201ccualquier acuerdo al que se llegue tiene que contemplar a la producci\u00f3n y al trabajo\u201d. \u201cNosotros no vamos a apoyar un acuerdo que no contemple la capacidad de generar trabajo y al tema financiero\u201d, a\u00f1adi\u00f3, al tiempo que aclar\u00f3 que \u201ccuando se habla de un no acuerdo, nos bancamos que nuestros proveedores nos pasen las facturas en d\u00f3lares\u201d.<\/p>\n<p>\u201cEl acuerdo es necesario. Lamentablemente hay que acordar porque sabemos lo que esto implica para el trabajo y la producci\u00f3n. Tenemos que tratar de tener una pol\u00edtica de Estado; no invertimos por un gobierno, lo hacemos por 20 o 30 a\u00f1os y para eso nos tenemos que poner de acuerdo de una vez\u201d, sostuvo Fern\u00e1ndez.<\/p>\n<p>Finalmente, el titular de CGERA hizo hincapi\u00e9 en que \u201ces importante que de aqu\u00ed en m\u00e1s esta c\u00e1mara nos convoque cuando haya que verter opiniones\u201d y record\u00f3 que \u201ccuando se tomaron los 45.000 millones de d\u00f3lares, los empresarios PYMEs no fuimos consultados\u201d.<\/p>\n<p>Tambi\u00e9n participaron en el encuentro los gobernadores de Corrientes, Gustavo Vald\u00e9s, de Jujuy, Gerardo Morales; legisladores y representantes de la Confederaci\u00f3n General del Trabajo (CGT) y la Central de Trabajadores de la Argentina (CTA), de movimientos sociales, de la Asamblea de Peque\u00f1os y Medianos Empresarios (APYME), y el Grupo de los 6 (UIA, Camarco, CAC, ADEBA, SRA y la Bolsa de Comercio).<\/p>\n","protected":false},"excerpt":{"rendered":"<p>El Presidente de la Confederaci\u00f3n General Empresaria de la Rep\u00fablica Argentina (CGERA), Marcelo Fern\u00e1ndez, expuso este martes en el plenario de comisiones de la C\u00e1mara de Diputados de la Naci\u00f3n, donde se analiz\u00f3 el proyecto de ley del acuerdo alcanzado con el Fondo Monetario Internacional (FMI). En este marco, Fern\u00e1ndez destac\u00f3 la importancia de que &#8230;<\/p>\n","protected":false},"author":2,"featured_media":0,"comment_status":"closed","ping_status":"closed","sticky":false,"template":"","format":"standard","meta":[],"categories":[4,45,7],"tags":[],"_links":{"self":[{"href":"https:\/\/www.cge-ra.org\/V16\/wp-json\/wp\/v2\/posts\/2566"}],"collection":[{"href":"https:\/\/www.cge-ra.org\/V16\/wp-json\/wp\/v2\/posts"}],"about":[{"href":"https:\/\/www.cge-ra.org\/V16\/wp-json\/wp\/v2\/types\/post"}],"author":[{"embeddable":true,"href":"https:\/\/www.cge-ra.org\/V16\/wp-json\/wp\/v2\/users\/2"}],"replies":[{"embeddable":true,"href":"https:\/\/www.cge-ra.org\/V16\/wp-json\/wp\/v2\/comments?post=2566"}],"version-history":[{"count":1,"href":"https:\/\/www.cge-ra.org\/V16\/wp-json\/wp\/v2\/posts\/2566\/revisions"}],"predecessor-version":[{"id":2568,"href":"https:\/\/www.cge-ra.org\/V16\/wp-json\/wp\/v2\/posts\/2566\/revisions\/2568"}],"wp:attachment":[{"href":"https:\/\/www.cge-ra.org\/V16\/wp-json\/wp\/v2\/media?parent=2566"}],"wp:term":[{"taxonomy":"category","embeddable":true,"href":"https:\/\/www.cge-ra.org\/V16\/wp-json\/wp\/v2\/categories?post=2566"},{"taxonomy":"post_tag","embeddable":true,"href":"https:\/\/www.cge-ra.org\/V16\/wp-json\/wp\/v2\/tags?post=2566"}],"curies":[{"name":"wp","href":"https:\/\/api.w.org\/{rel}","templated":true}]}}