{"id":2792,"date":"2023-07-26T10:27:35","date_gmt":"2023-07-26T10:27:35","guid":{"rendered":"http:\/\/www.cge-ra.org\/V16\/?p=2792"},"modified":"2023-07-26T10:27:35","modified_gmt":"2023-07-26T10:27:35","slug":"cgera-se-reunio-con-victoria-tolosa-paz-para-trabajar-sobre-la-conversion-de-planes-en-empleo-de-calidad","status":"publish","type":"post","link":"https:\/\/www.cge-ra.org\/V16\/cgera-se-reunio-con-victoria-tolosa-paz-para-trabajar-sobre-la-conversion-de-planes-en-empleo-de-calidad\/","title":{"rendered":"CGERA se reuni\u00f3 con Victoria Tolosa Paz para trabajar sobre la conversi\u00f3n de planes en empleo de calidad"},"content":{"rendered":"<p><a href=\"http:\/\/www.cge-ra.org\/V16\/wp-content\/uploads\/2023\/07\/11-1.jpg\"><img decoding=\"async\" loading=\"lazy\" class=\"aligncenter size-large wp-image-2793\" src=\"http:\/\/www.cge-ra.org\/V16\/wp-content\/uploads\/2023\/07\/11-1-1024x682.jpg\" alt=\"\" width=\"618\" height=\"412\" srcset=\"https:\/\/www.cge-ra.org\/V16\/wp-content\/uploads\/2023\/07\/11-1-1024x682.jpg 1024w, https:\/\/www.cge-ra.org\/V16\/wp-content\/uploads\/2023\/07\/11-1-300x200.jpg 300w, https:\/\/www.cge-ra.org\/V16\/wp-content\/uploads\/2023\/07\/11-1-768x512.jpg 768w, https:\/\/www.cge-ra.org\/V16\/wp-content\/uploads\/2023\/07\/11-1.jpg 1600w\" sizes=\"(max-width: 618px) 100vw, 618px\" \/><\/a><\/p>\n<p>Industriales de la Confederaci\u00f3n General Empresaria de la Rep\u00fablica Argentina (CGERA), recibieron este martes a la ministra de Desarrollo Social de la Naci\u00f3n, Victoria Tolosa Paz, con quien se trabaj\u00f3 sobre la agenda de la conversi\u00f3n de planes sociales en trabajo de calidad y la capacitaci\u00f3n profesional para trabajadores y trabajadoras.<\/p>\n<p>\u00abConversamos sobre la posibilidad, tantas veces planteada por CGERA, de capacitar a las personas de los planes sociales en oficios industriales\u00bb, explic\u00f3 Marcelo Fern\u00e1ndez, Presidente de la entidad, al tiempo que sostuvo que las empresas \u00abhoy no encontramos el nivel de capacitaci\u00f3n en la maquinaria, en la tecnolog\u00eda que hemos incorporado en los \u00faltimos tiempos\u00bb.<\/p>\n<p><a href=\"http:\/\/www.cge-ra.org\/V16\/wp-content\/uploads\/2023\/07\/22.jpg\"><img decoding=\"async\" loading=\"lazy\" class=\"aligncenter size-large wp-image-2794\" src=\"http:\/\/www.cge-ra.org\/V16\/wp-content\/uploads\/2023\/07\/22-1024x682.jpg\" alt=\"\" width=\"618\" height=\"412\" srcset=\"https:\/\/www.cge-ra.org\/V16\/wp-content\/uploads\/2023\/07\/22-1024x682.jpg 1024w, https:\/\/www.cge-ra.org\/V16\/wp-content\/uploads\/2023\/07\/22-300x200.jpg 300w, https:\/\/www.cge-ra.org\/V16\/wp-content\/uploads\/2023\/07\/22-768x512.jpg 768w, https:\/\/www.cge-ra.org\/V16\/wp-content\/uploads\/2023\/07\/22.jpg 1600w\" sizes=\"(max-width: 618px) 100vw, 618px\" \/><\/a><\/p>\n<p>En este sentido, Fern\u00e1ndez se\u00f1alo que los sectores productivos deben \u00abtrabajar arduamente y r\u00e1pidamente junto al Estadobpara acompa\u00f1ar el crecimiento que podamos tener a gente que no conozca los oficios y que justamente pueda venir a capacitarse en las plantas industriales, sobre todo en las peque\u00f1as y medianas empresas\u00bb.<\/p>\n<p>Por su parte, la Ministra se\u00f1al\u00f3 que \u00abcon CGERA venimos a planificar en conjunto, el Estado y las Pymes, la formaci\u00f3n de hombres y mujeres en toda la Patria, que tengan capacidades industriales, que ingresen a una planta y puedan manejar maquinaria tecnificada, para ganarse la vida con la dignidad de su trabajo\u00bb.<\/p>\n<p>\u00abVenimos tambi\u00e9n para agilizar lo establecido por el Decreto 551 firmado por el Presidente de la Naci\u00f3n, Alberto Fern\u00e1ndez y por Sergio Massa. Ese Puente al Empleo que otorga beneficios impositivos a las Pymes que toman a un titular del Potenciar Trabajo, con alivio en las contribuciones patronales durante 12 meses y medio salario m\u00ednimo, vital y m\u00f3vil a cargo del Estado\u00bb, a\u00f1adi\u00f3.<\/p>\n","protected":false},"excerpt":{"rendered":"<p>Industriales de la Confederaci\u00f3n General Empresaria de la Rep\u00fablica Argentina (CGERA), recibieron este martes a la ministra de Desarrollo Social de la Naci\u00f3n, Victoria Tolosa Paz, con quien se trabaj\u00f3 sobre la agenda de la conversi\u00f3n de planes sociales en trabajo de calidad y la capacitaci\u00f3n profesional para trabajadores y trabajadoras. \u00abConversamos sobre la posibilidad, &#8230;<\/p>\n","protected":false},"author":2,"featured_media":2793,"comment_status":"closed","ping_status":"closed","sticky":false,"template":"","format":"standard","meta":[],"categories":[4,45,7],"tags":[],"_links":{"self":[{"href":"https:\/\/www.cge-ra.org\/V16\/wp-json\/wp\/v2\/posts\/2792"}],"collection":[{"href":"https:\/\/www.cge-ra.org\/V16\/wp-json\/wp\/v2\/posts"}],"about":[{"href":"https:\/\/www.cge-ra.org\/V16\/wp-json\/wp\/v2\/types\/post"}],"author":[{"embeddable":true,"href":"https:\/\/www.cge-ra.org\/V16\/wp-json\/wp\/v2\/users\/2"}],"replies":[{"embeddable":true,"href":"https:\/\/www.cge-ra.org\/V16\/wp-json\/wp\/v2\/comments?post=2792"}],"version-history":[{"count":1,"href":"https:\/\/www.cge-ra.org\/V16\/wp-json\/wp\/v2\/posts\/2792\/revisions"}],"predecessor-version":[{"id":2795,"href":"https:\/\/www.cge-ra.org\/V16\/wp-json\/wp\/v2\/posts\/2792\/revisions\/2795"}],"wp:featuredmedia":[{"embeddable":true,"href":"https:\/\/www.cge-ra.org\/V16\/wp-json\/wp\/v2\/media\/2793"}],"wp:attachment":[{"href":"https:\/\/www.cge-ra.org\/V16\/wp-json\/wp\/v2\/media?parent=2792"}],"wp:term":[{"taxonomy":"category","embeddable":true,"href":"https:\/\/www.cge-ra.org\/V16\/wp-json\/wp\/v2\/categories?post=2792"},{"taxonomy":"post_tag","embeddable":true,"href":"https:\/\/www.cge-ra.org\/V16\/wp-json\/wp\/v2\/tags?post=2792"}],"curies":[{"name":"wp","href":"https:\/\/api.w.org\/{rel}","templated":true}]}}