{"id":993,"date":"2015-03-06T12:25:43","date_gmt":"2015-03-06T12:25:43","guid":{"rendered":"http:\/\/www.cge-ra.org\/2015\/?p=993"},"modified":"2018-01-09T20:33:22","modified_gmt":"2018-01-09T20:33:22","slug":"giorgi-se-reunio-con-la-cgera","status":"publish","type":"post","link":"https:\/\/www.cge-ra.org\/V16\/giorgi-se-reunio-con-la-cgera\/","title":{"rendered":"Giorgi se reuni\u00f3 con la CGERA"},"content":{"rendered":"<p>M\u00e1s de 40 empresarios represent<\/p>\n<div id='gallery-1' class='gallery galleryid-993 gallery-columns-1 gallery-size-medium'><figure class='gallery-item'>\n\t\t\t<div class='gallery-icon landscape'>\n\t\t\t\t<a href='https:\/\/www.cge-ra.org\/V16\/wp-content\/uploads\/2015\/03\/giorgi-1.jpg'><img width=\"300\" height=\"200\" src=\"https:\/\/www.cge-ra.org\/V16\/wp-content\/uploads\/2015\/03\/giorgi-1-300x200.jpg\" class=\"attachment-medium size-medium\" alt=\"\" decoding=\"async\" loading=\"lazy\" aria-describedby=\"gallery-1-1277\" srcset=\"https:\/\/www.cge-ra.org\/V16\/wp-content\/uploads\/2015\/03\/giorgi-1-300x200.jpg 300w, https:\/\/www.cge-ra.org\/V16\/wp-content\/uploads\/2015\/03\/giorgi-1.jpg 600w\" sizes=\"(max-width: 300px) 100vw, 300px\" \/><\/a>\n\t\t\t<\/div>\n\t\t\t\t<figcaption class='wp-caption-text gallery-caption' id='gallery-1-1277'>\n\t\t\t\tEmpresarios acercaron sus necesidades, proyectos y reclamos a la Ministra de Industria\n\t\t\t\t<\/figcaption><\/figure><figure class='gallery-item'>\n\t\t\t<div class='gallery-icon landscape'>\n\t\t\t\t<a href='https:\/\/www.cge-ra.org\/V16\/wp-content\/uploads\/2015\/03\/giorgi-2.jpg'><img width=\"300\" height=\"200\" src=\"https:\/\/www.cge-ra.org\/V16\/wp-content\/uploads\/2015\/03\/giorgi-2-300x200.jpg\" class=\"attachment-medium size-medium\" alt=\"\" decoding=\"async\" loading=\"lazy\" aria-describedby=\"gallery-1-1278\" srcset=\"https:\/\/www.cge-ra.org\/V16\/wp-content\/uploads\/2015\/03\/giorgi-2-300x200.jpg 300w, https:\/\/www.cge-ra.org\/V16\/wp-content\/uploads\/2015\/03\/giorgi-2.jpg 600w\" sizes=\"(max-width: 300px) 100vw, 300px\" \/><\/a>\n\t\t\t<\/div>\n\t\t\t\t<figcaption class='wp-caption-text gallery-caption' id='gallery-1-1278'>\n\t\t\t\tLa reuni\u00f3n dur\u00f3 3 horas con un intercambio muy fluido\n\t\t\t\t<\/figcaption><\/figure>\n\t\t<\/div>\n\n<p>antes de las c\u00e1maras industriales nucleadas en la Confederaci\u00f3n General Empresaria se reunieron con la Ministra de Industria de la Naci\u00f3n, D\u00e9bora Giorgi, y su equipo para conversar acerca de las realidades que enfrentan los diversos sectores y sobre los proyectos industriales que la Presidenta de la Naci\u00f3n anunci\u00f3 enviar\u00e1 al Congreso: el pagar\u00e9 burs\u00e1til, parques industriales y patentes.<\/p>\n<p>Acompa\u00f1aron a la ministra los secretarios de Industria, Javier Rando, de las Pyme y el Desarrollo Regional, Horacio Roura; la subsecretaria de Industria, Stella Maris Ayala, y los subsecretarios Pyme, Andr\u00e9s Elgarrista, y de Financiamiento Productivo, Guadalupe Acu\u00f1a.<\/p>\n<p>La Ministra de Industria manifest\u00f3 que \u201ceste es un a\u00f1o donde el contexto internacional no viene f\u00e1cil y el regional menos, pero sin embargo hemos podido mostrar que salimos a la cancha como sale Cristina buscando las soluciones y en forma permanente\u201d.<\/p>\n<p>\u201cEl trabajo de articulaci\u00f3n p\u00fablico &#8211; privado que hacen junto al Ministerio de Industria para acompa\u00f1ar el desarrollo y fortalecimiento de las pymes de todos los sectores productivos\u201d destac\u00f3 Giorgi en el dialogo con los empresarios.<\/p>\n<p>Adem\u00e1s, la titular de la cartera productiva puso a disposici\u00f3n de las c\u00e1maras empresarias las herramientas de financiamiento, capacitaci\u00f3n y asistencia t\u00e9cnica vigentes con las que cuenta la cartera productiva, como el Fonapyme, el R\u00e9gimen de Bonificaci\u00f3n de tasa, el programa PACC y la capacitaci\u00f3n a trav\u00e9s de Cr\u00e9dito Fiscal, entre otros.<\/p>\n<p>Por su parte, Marcelo Fern\u00e1ndez, presidente de la CGERA, destac\u00f3 \u201clos treinta centros de formaci\u00f3n profesional que tiene la CGERA en todo el pa\u00eds en diferentes rubros y que ser\u00eda positivo incorporar al Ministerio de Industria en estas iniciativas, que la CGERA articula muy positivamente con el Ministerio de Trabajo\u201d. La Ministra estudiar\u00e1 el tema para avanzar con algunos de los programas que est\u00e1n vigentes en el Ministerio.<\/p>\n<p>Alberto Sellaro, Vicepresidente de la CGERA y presidente de la C\u00e1mara del Calzado (CIC) destac\u00f3 el trabajo del INTI y su colaboraci\u00f3n con el desarrollo industrial, estando este a la altura de los centros de tecnolog\u00eda del mundo.<\/p>\n<p>A su turno, Ra\u00fal Zylbersztein, Presidente de la Federaci\u00f3n Econ\u00f3mica de la Ciudad de Buenos Aires (FECIBA) y Secretario de la CGERA volvi\u00f3 a proponer al Gobierno la creaci\u00f3n de una Defensor\u00eda Pyme, ya que muchas veces las pymes quedan atrapadas y condenadas en una cadena comercial donde hay eslabones que son monop\u00f3licos o donde hay oligopsonios\u201d, iniciativa a la cual la Ministra calific\u00f3 de excelente.<\/p>\n<p>El Secretario de CGERA plante\u00f3 adem\u00e1s la problem\u00e1tica del cr\u00e9dito a las pymes \u201chemos solicitado al Banco Central que se aumente el 5% que se dirige a las pymes del financiamiento as\u00ed como tambi\u00e9n que se segmente ya que cuando se subi\u00f3 la facturaci\u00f3n para ser consideradas pymes ingresaron empresas medianas y grandes al segmento y se quedaron con gran parte de los cr\u00e9ditos\u201d. Adem\u00e1s, Zylversztein plante\u00f3 tambi\u00e9n la necesidad de crear un instrumento similar al Ahora 12 pero para la venta mayorista.<\/p>\n<p>Formaron parte de la reuni\u00f3n, Daniel Donikian, Presidente de CIMA; Eduardo Wydler, Presidente de CICA; Alberto Ruibal, Presidente de CAS; Marcelo Girard, Presidente de CAGFTG; Norberto Fermani, Presidente de CADIOA; Osvaldo Frances, Presidente de ARBIA y CORAMECO; Alejandro Mayer, Presidente de APYMIE; facundo Gald\u00f3s, Presidente de CGERA Regional Sur; Horacio Consolo, Vicepresidente de AIERA; Hugo Alberto Caivano, Presidente de COOPERALA; Hugo Alvarez, Presidente de CAIPIC; Pablo Reina, Presidente de CAFYDMA; Leonardo Christensen, Presidente de CAIFA; Enrique Ruffo de MOTTOS; Jose Laurensio, Secretario de CADIME; Matias Furio, Presidente de CAIJ; Pedro Di Geronimo, Presidente de ACUBA; Ra\u00fal Santoandre, Presidente de FIPBBA; Sara Gonzales Tain, Presidenta de CADEFHA; Mario Sergio Elencwajg, Presidente de CAFFYPSA; Hernan Ebekian, Vicepresidente de CAIBYN; Gregorio Aspis, Prosecretario de CASEL; entre otros.<\/p>\n<p>Al finalizar la reuni\u00f3n, Marcelo Fern\u00e1ndez entreg\u00f3 a la Ministra una placa que hace alusi\u00f3n a la reciente promulgada ley 27.108 que establece al 16 de agosto como d\u00eda del empresario nacional.<\/p>\n","protected":false},"excerpt":{"rendered":"<p>Los empresarios propusieron nuevamente el proyecto de creaci\u00f3n de una defensor\u00eda pyme, la inclusi\u00f3n del Ministerio de Industria a nuestros 30 centros de formaci\u00f3n continua y se destac\u00f3 el buen desempe\u00f1o del Ahora 12 en diversos sectores.<\/p>\n","protected":false},"author":1,"featured_media":1277,"comment_status":"closed","ping_status":"closed","sticky":false,"template":"","format":"standard","meta":[],"categories":[1],"tags":[],"_links":{"self":[{"href":"https:\/\/www.cge-ra.org\/V16\/wp-json\/wp\/v2\/posts\/993"}],"collection":[{"href":"https:\/\/www.cge-ra.org\/V16\/wp-json\/wp\/v2\/posts"}],"about":[{"href":"https:\/\/www.cge-ra.org\/V16\/wp-json\/wp\/v2\/types\/post"}],"author":[{"embeddable":true,"href":"https:\/\/www.cge-ra.org\/V16\/wp-json\/wp\/v2\/users\/1"}],"replies":[{"embeddable":true,"href":"https:\/\/www.cge-ra.org\/V16\/wp-json\/wp\/v2\/comments?post=993"}],"version-history":[{"count":3,"href":"https:\/\/www.cge-ra.org\/V16\/wp-json\/wp\/v2\/posts\/993\/revisions"}],"predecessor-version":[{"id":1279,"href":"https:\/\/www.cge-ra.org\/V16\/wp-json\/wp\/v2\/posts\/993\/revisions\/1279"}],"wp:featuredmedia":[{"embeddable":true,"href":"https:\/\/www.cge-ra.org\/V16\/wp-json\/wp\/v2\/media\/1277"}],"wp:attachment":[{"href":"https:\/\/www.cge-ra.org\/V16\/wp-json\/wp\/v2\/media?parent=993"}],"wp:term":[{"taxonomy":"category","embeddable":true,"href":"https:\/\/www.cge-ra.org\/V16\/wp-json\/wp\/v2\/categories?post=993"},{"taxonomy":"post_tag","embeddable":true,"href":"https:\/\/www.cge-ra.org\/V16\/wp-json\/wp\/v2\/tags?post=993"}],"curies":[{"name":"wp","href":"https:\/\/api.w.org\/{rel}","templated":true}]}}