{"id":996,"date":"2014-12-18T12:28:02","date_gmt":"2014-12-18T12:28:02","guid":{"rendered":"http:\/\/www.cge-ra.org\/2015\/?p=996"},"modified":"2018-01-09T20:33:27","modified_gmt":"2018-01-09T20:33:27","slug":"los-empresarios-nacionales-tienen-su-dia-por-ley","status":"publish","type":"post","link":"https:\/\/www.cge-ra.org\/V16\/los-empresarios-nacionales-tienen-su-dia-por-ley\/","title":{"rendered":"Los empresarios nacionales tienen su d\u00eda por ley"},"content":{"rendered":"<div id='gallery-1' class='gallery galleryid-996 gallery-columns-1 gallery-size-medium'><figure class='gallery-item'>\n\t\t\t<div class='gallery-icon landscape'>\n\t\t\t\t<a href='https:\/\/www.cge-ra.org\/V16\/wp-content\/uploads\/2014\/12\/SAM_3149_600x450.jpg'><img width=\"300\" height=\"200\" src=\"https:\/\/www.cge-ra.org\/V16\/wp-content\/uploads\/2014\/12\/SAM_3149_600x450-300x200.jpg\" class=\"attachment-medium size-medium\" alt=\"\" decoding=\"async\" loading=\"lazy\" srcset=\"https:\/\/www.cge-ra.org\/V16\/wp-content\/uploads\/2014\/12\/SAM_3149_600x450-300x200.jpg 300w, https:\/\/www.cge-ra.org\/V16\/wp-content\/uploads\/2014\/12\/SAM_3149_600x450.jpg 600w\" sizes=\"(max-width: 300px) 100vw, 300px\" \/><\/a>\n\t\t\t<\/div><\/figure>\n\t\t<\/div>\n\n<p>La Honorable C\u00e1mara de Senadores de la Naci\u00f3n en su sesi\u00f3n del d\u00eda 17 de diciembre sancion\u00f3 la ley que establece al 16 de agosto como d\u00eda del empresario nacional.<\/p>\n<p>La fecha recuerda la primer reuni\u00f3n de los empresarios nacionales de todo el pa\u00eds impulsada por Jos\u00e9 Ber Gelbard, empresario que luego fue Ministro de Econom\u00eda durante los gobiernos de Juan Domingo Per\u00f3n y H\u00e9ctor C\u00e1mpora.<\/p>\n<p>Esta iniciativa fue presentada inicialmente en el a\u00f1o 2008 por la Confederaci\u00f3n General Empresaria, a trav\u00e9s del presidente de la entidad, Marcelo Fern\u00e1ndez, y fue retomada por el Diputado de la Naci\u00f3n Carlos Heller y ratificada por el Presidente de la C\u00e1mara de Diputados, Juli\u00e1n Dom\u00ednguez, para finalmente haberse convertido en ley.<\/p>\n<p>Desde el a\u00f1o 2004 empresarios nacionales representantes de c\u00e1maras empresarias de distintos sectores celebran ese d\u00eda como propio, pidiendo a las autoridades que lo reconozcan e institucionalicen por ley.<\/p>\n<p>Durante 2014, la CGERA volvi\u00f3 a reforzar la iniciativa para que finalmente el Senado de la Naci\u00f3n sancione la ley.<\/p>\n<p>\u201cPodemos celebrar ese d\u00eda gracias a que en estos \u00faltimos 10 a\u00f1os, hubieron funcionarios, gobernantes y legisladores tanto oficialistas como de la oposici\u00f3n que creyeron en el sector de las peque\u00f1as y medianas empresas y tomaron las medidas necesarias para que nosotros podamos continuar creciendo y desarroll\u00e1ndonos\u201d, sostuvo Marcelo Fern\u00e1ndez.<\/p>\n<p>\u201cEsta ley es un s\u00edmbolo que esperemos movilice a los dirigentes y ciudadanos para que nuestro pa\u00eds tenga a los empresarios argentinos como un eje de pol\u00edticas de Estado para la generaci\u00f3n de empleo genuino, la incorporaci\u00f3n de ciencia y tecnolog\u00eda a la producci\u00f3n, la soberan\u00eda econ\u00f3mica y el pleno desarrollo equitativo que nuestra patria necesita\u201d declar\u00f3 el presidente de la CGERA.<\/p>\n<p>Adem\u00e1s, Fern\u00e1ndez agradeci\u00f3 a \u201ctodos los que formaron parte de esta iniciativa que permite que todos los empresarios argentinos tengamos nuestro d\u00eda y act\u00faa como punto de partida para que los empresarios nacionales tengan un mayor protagonismo tanto en lo econ\u00f3mico, como en lo pol\u00edtico\u201d dijo Fern\u00e1ndez.<\/p>\n","protected":false},"excerpt":{"rendered":"<p>Los empresarios propusieron nuevamente el proyecto de creaci\u00f3n de una defensor\u00eda pyme, la inclusi\u00f3n del Ministerio de Industria a nuestros 30 centros de formaci\u00f3n continua y se destac\u00f3 el buen desempe\u00f1o del Ahora 12 en diversos sectores. <\/p>\n","protected":false},"author":1,"featured_media":1281,"comment_status":"closed","ping_status":"closed","sticky":false,"template":"","format":"standard","meta":[],"categories":[1],"tags":[],"_links":{"self":[{"href":"https:\/\/www.cge-ra.org\/V16\/wp-json\/wp\/v2\/posts\/996"}],"collection":[{"href":"https:\/\/www.cge-ra.org\/V16\/wp-json\/wp\/v2\/posts"}],"about":[{"href":"https:\/\/www.cge-ra.org\/V16\/wp-json\/wp\/v2\/types\/post"}],"author":[{"embeddable":true,"href":"https:\/\/www.cge-ra.org\/V16\/wp-json\/wp\/v2\/users\/1"}],"replies":[{"embeddable":true,"href":"https:\/\/www.cge-ra.org\/V16\/wp-json\/wp\/v2\/comments?post=996"}],"version-history":[{"count":3,"href":"https:\/\/www.cge-ra.org\/V16\/wp-json\/wp\/v2\/posts\/996\/revisions"}],"predecessor-version":[{"id":1282,"href":"https:\/\/www.cge-ra.org\/V16\/wp-json\/wp\/v2\/posts\/996\/revisions\/1282"}],"wp:featuredmedia":[{"embeddable":true,"href":"https:\/\/www.cge-ra.org\/V16\/wp-json\/wp\/v2\/media\/1281"}],"wp:attachment":[{"href":"https:\/\/www.cge-ra.org\/V16\/wp-json\/wp\/v2\/media?parent=996"}],"wp:term":[{"taxonomy":"category","embeddable":true,"href":"https:\/\/www.cge-ra.org\/V16\/wp-json\/wp\/v2\/categories?post=996"},{"taxonomy":"post_tag","embeddable":true,"href":"https:\/\/www.cge-ra.org\/V16\/wp-json\/wp\/v2\/tags?post=996"}],"curies":[{"name":"wp","href":"https:\/\/api.w.org\/{rel}","templated":true}]}}